{"id":710,"date":"2017-02-08T12:55:39","date_gmt":"2017-02-08T11:55:39","guid":{"rendered":"http:\/\/agora.xtec.cat\/esc-teresabergada\/?p=710"},"modified":"2017-02-08T12:55:39","modified_gmt":"2017-02-08T11:55:39","slug":"sant-antoni-2017","status":"publish","type":"post","link":"https:\/\/agora.xtec.cat\/esc-teresabergada\/general\/sant-antoni-2017\/","title":{"rendered":"Sant Antoni  2017"},"content":{"rendered":"<p>Com cada any hem celebrat a l&#8217;escola la festivitat de Sant Antoni.Tots els nens i nenes de l&#8217;escola han realitzat un treball sobre els animals en relaci\u00f3 amb el projecte interdisciplinar d&#8217;aquest curs:Les Matem\u00e0tiques.<\/p>\n<p>Els treballs realitzats van estar exposats durant el cap de setmana a l&#8217;ajuntament on tothom qui volgu\u00e9s en va poder gaudir.<\/p>\n<p>&nbsp;<\/p>\n<p><a href=\"http:\/\/agora.xtec.cat\/esc-teresabergada\/wp-content\/uploads\/usu1533\/2017\/02\/IMG-20170122-WA0002.jpg\"><img loading=\"lazy\" decoding=\"async\" class=\"alignnone size-medium wp-image-712\" src=\"http:\/\/agora.xtec.cat\/esc-teresabergada\/wp-content\/uploads\/usu1533\/2017\/02\/IMG-20170122-WA0002-300x169.jpg\" alt=\"img-20170122-wa0002\" width=\"300\" height=\"169\" \/><\/a> <a href=\"http:\/\/agora.xtec.cat\/esc-teresabergada\/wp-content\/uploads\/usu1533\/2017\/02\/IMG-20170122-WA0003.jpg\"><img loading=\"lazy\" decoding=\"async\" class=\"alignnone size-medium wp-image-713\" src=\"http:\/\/agora.xtec.cat\/esc-teresabergada\/wp-content\/uploads\/usu1533\/2017\/02\/IMG-20170122-WA0003-300x169.jpg\" alt=\"img-20170122-wa0003\" width=\"300\" height=\"169\" srcset=\"https:\/\/agora.xtec.cat\/esc-teresabergada\/wp-content\/uploads\/usu1533\/2017\/02\/IMG-20170122-WA0003-300x169.jpg 300w, https:\/\/agora.xtec.cat\/esc-teresabergada\/wp-content\/uploads\/usu1533\/2017\/02\/IMG-20170122-WA0003-768x432.jpg 768w, https:\/\/agora.xtec.cat\/esc-teresabergada\/wp-content\/uploads\/usu1533\/2017\/02\/IMG-20170122-WA0003-1024x576.jpg 1024w, https:\/\/agora.xtec.cat\/esc-teresabergada\/wp-content\/uploads\/usu1533\/2017\/02\/IMG-20170122-WA0003.jpg 1336w\" sizes=\"auto, (max-width: 300px) 100vw, 300px\" \/><\/a> <a href=\"http:\/\/agora.xtec.cat\/esc-teresabergada\/wp-content\/uploads\/usu1533\/2017\/02\/IMG-20170122-WA0000.jpg\"><img loading=\"lazy\" decoding=\"async\" class=\"alignnone size-medium wp-image-714\" src=\"http:\/\/agora.xtec.cat\/esc-teresabergada\/wp-content\/uploads\/usu1533\/2017\/02\/IMG-20170122-WA0000-300x169.jpg\" alt=\"img-20170122-wa0000\" width=\"300\" height=\"169\" srcset=\"https:\/\/agora.xtec.cat\/esc-teresabergada\/wp-content\/uploads\/usu1533\/2017\/02\/IMG-20170122-WA0000-300x169.jpg 300w, https:\/\/agora.xtec.cat\/esc-teresabergada\/wp-content\/uploads\/usu1533\/2017\/02\/IMG-20170122-WA0000-768x432.jpg 768w, https:\/\/agora.xtec.cat\/esc-teresabergada\/wp-content\/uploads\/usu1533\/2017\/02\/IMG-20170122-WA0000-1024x576.jpg 1024w, https:\/\/agora.xtec.cat\/esc-teresabergada\/wp-content\/uploads\/usu1533\/2017\/02\/IMG-20170122-WA0000.jpg 1336w\" sizes=\"auto, (max-width: 300px) 100vw, 300px\" \/><\/a> <a href=\"http:\/\/agora.xtec.cat\/esc-teresabergada\/wp-content\/uploads\/usu1533\/2017\/02\/IMG-20170122-WA0001.jpg\"><img loading=\"lazy\" decoding=\"async\" class=\"alignnone size-medium wp-image-715\" src=\"http:\/\/agora.xtec.cat\/esc-teresabergada\/wp-content\/uploads\/usu1533\/2017\/02\/IMG-20170122-WA0001-300x169.jpg\" alt=\"img-20170122-wa0001\" width=\"300\" height=\"169\" srcset=\"https:\/\/agora.xtec.cat\/esc-teresabergada\/wp-content\/uploads\/usu1533\/2017\/02\/IMG-20170122-WA0001-300x169.jpg 300w, https:\/\/agora.xtec.cat\/esc-teresabergada\/wp-content\/uploads\/usu1533\/2017\/02\/IMG-20170122-WA0001-768x432.jpg 768w, https:\/\/agora.xtec.cat\/esc-teresabergada\/wp-content\/uploads\/usu1533\/2017\/02\/IMG-20170122-WA0001-1024x576.jpg 1024w, https:\/\/agora.xtec.cat\/esc-teresabergada\/wp-content\/uploads\/usu1533\/2017\/02\/IMG-20170122-WA0001.jpg 1336w\" sizes=\"auto, (max-width: 300px) 100vw, 300px\" \/><\/a><\/p>\n<p><span class=\"text_petit\">Les festes de Sant Antoni Abat s\u00f3n un conjunt de celebracions festives que tenen lloc al voltant del dia 17 de gener, onom\u00e0stica d&#8217;aquest sant barbut, anomenat Sant Antoni del porquet o dels rucs, perqu\u00e8 ha estat durant segles el tradicional protector de tots els animals \u00fatils per a les feines del camp. La invocaci\u00f3 a Sant Antoni est\u00e0 encaminada a obtenir la fertilitat dels animals i dels aliments, i la purificaci\u00f3, i \u00e9s hereva de bona part d&#8217;antigues advocacions precristianes amb id\u00e8ntics prop\u00f2sits.<\/span><\/p>\n","protected":false},"excerpt":{"rendered":"<p>Com cada any hem celebrat a l&#8217;escola la festivitat de Sant Antoni.Tots els nens i nenes de l&#8217;escola han realitzat un treball sobre els animals en relaci\u00f3 amb el projecte interdisciplinar d&#8217;aquest curs:Les Matem\u00e0tiques.<br \/>\nEls treballs realitzats van estar exposats durant el cap de setmana a&hellip;  <a href=\"https:\/\/agora.xtec.cat\/esc-teresabergada\/general\/sant-antoni-2017\/\" title=\"Read Sant Antoni  2017\">Llegeix m\u00e9s\u00bb<\/a><\/p>\n","protected":false},"author":1,"featured_media":711,"comment_status":"open","ping_status":"open","sticky":false,"template":"","format":"standard","meta":{"_bbp_topic_count":0,"_bbp_reply_count":0,"_bbp_total_topic_count":0,"_bbp_total_reply_count":0,"_bbp_voice_count":0,"_bbp_anonymous_reply_count":0,"_bbp_topic_count_hidden":0,"_bbp_reply_count_hidden":0,"_bbp_forum_subforum_count":0,"footnotes":""},"categories":[1,4],"tags":[120],"class_list":["post-710","post","type-post","status-publish","format-standard","has-post-thumbnail","hentry","category-general","category-portada","tag-sant-antoni-dibuix"],"post_mailing_queue_ids":[],"_links":{"self":[{"href":"https:\/\/agora.xtec.cat\/esc-teresabergada\/wp-json\/wp\/v2\/posts\/710","targetHints":{"allow":["GET"]}}],"collection":[{"href":"https:\/\/agora.xtec.cat\/esc-teresabergada\/wp-json\/wp\/v2\/posts"}],"about":[{"href":"https:\/\/agora.xtec.cat\/esc-teresabergada\/wp-json\/wp\/v2\/types\/post"}],"author":[{"embeddable":true,"href":"https:\/\/agora.xtec.cat\/esc-teresabergada\/wp-json\/wp\/v2\/users\/1"}],"replies":[{"embeddable":true,"href":"https:\/\/agora.xtec.cat\/esc-teresabergada\/wp-json\/wp\/v2\/comments?post=710"}],"version-history":[{"count":1,"href":"https:\/\/agora.xtec.cat\/esc-teresabergada\/wp-json\/wp\/v2\/posts\/710\/revisions"}],"predecessor-version":[{"id":716,"href":"https:\/\/agora.xtec.cat\/esc-teresabergada\/wp-json\/wp\/v2\/posts\/710\/revisions\/716"}],"wp:featuredmedia":[{"embeddable":true,"href":"https:\/\/agora.xtec.cat\/esc-teresabergada\/wp-json\/wp\/v2\/media\/711"}],"wp:attachment":[{"href":"https:\/\/agora.xtec.cat\/esc-teresabergada\/wp-json\/wp\/v2\/media?parent=710"}],"wp:term":[{"taxonomy":"category","embeddable":true,"href":"https:\/\/agora.xtec.cat\/esc-teresabergada\/wp-json\/wp\/v2\/categories?post=710"},{"taxonomy":"post_tag","embeddable":true,"href":"https:\/\/agora.xtec.cat\/esc-teresabergada\/wp-json\/wp\/v2\/tags?post=710"}],"curies":[{"name":"wp","href":"https:\/\/api.w.org\/{rel}","templated":true}]}}