{"id":6942,"date":"2020-05-10T13:06:11","date_gmt":"2020-05-10T11:06:11","guid":{"rendered":"http:\/\/agora.xtec.cat\/esc-teresabergada\/?p=6942"},"modified":"2020-05-17T12:41:40","modified_gmt":"2020-05-17T10:41:40","slug":"cinquena-setmana-cicle-inicial","status":"publish","type":"post","link":"https:\/\/agora.xtec.cat\/esc-teresabergada\/general\/cinquena-setmana-cicle-inicial\/","title":{"rendered":"CINQUENA SETMANA &#8211; CICLE INICIAL"},"content":{"rendered":"<p>Hola a tothom!!!<br \/>\nAquesta setmana comen\u00e7arem amb aquest ECO-RITME.Ho podeu fer amb els objectes que vulgueu.<\/p>\n<p><iframe loading=\"lazy\" src=\"https:\/\/www.youtube.com\/embed\/dzdq8Rgff_Y\" width=\"560\" height=\"315\" frameborder=\"0\"><\/iframe><\/p>\n<p>&nbsp;<\/p>\n<p>En segon lloc repassarem notes. SOL-MI-DO.Primer escoltem la can\u00e7\u00f3 amb aquestes notes i despr\u00e9s<\/p>\n<p>podeu imprimir el document\u00a0 , o ho feu en un full de pentagrames i despr\u00e9s ho envieu.<\/p>\n<p><a href=\"https:\/\/agora.xtec.cat\/esc-teresabergada\/wp-content\/uploads\/usu1533\/2020\/05\/sol_mi_do.pdf\">sol_mi_do<\/a><\/p>\n<p><iframe loading=\"lazy\" src=\"https:\/\/www.youtube.com\/embed\/nXk9vCFbzj4\" width=\"560\" height=\"315\" frameborder=\"0\"><\/iframe><\/p>\n<p>&nbsp;<\/p>\n<p>I per acabar podeu encerclar els cinc follets musicals amagats.A vere qui els troba!!!<\/p>\n<p><a href=\"https:\/\/agora.xtec.cat\/esc-teresabergada\/wp-content\/uploads\/usu1533\/2020\/05\/30-CPons\u00ed_passatemps-Amades-scaled.jpg\"><img loading=\"lazy\" decoding=\"async\" class=\"aligncenter wp-image-6945 size-full\" src=\"https:\/\/agora.xtec.cat\/esc-teresabergada\/wp-content\/uploads\/usu1533\/2020\/05\/30-CPons\u00ed_passatemps-Amades-scaled.jpg\" alt=\"\" width=\"2560\" height=\"1567\" srcset=\"https:\/\/agora.xtec.cat\/esc-teresabergada\/wp-content\/uploads\/usu1533\/2020\/05\/30-CPons\u00ed_passatemps-Amades-scaled.jpg 2560w, https:\/\/agora.xtec.cat\/esc-teresabergada\/wp-content\/uploads\/usu1533\/2020\/05\/30-CPons\u00ed_passatemps-Amades-scaled-300x184.jpg 300w, https:\/\/agora.xtec.cat\/esc-teresabergada\/wp-content\/uploads\/usu1533\/2020\/05\/30-CPons\u00ed_passatemps-Amades-scaled-768x470.jpg 768w, https:\/\/agora.xtec.cat\/esc-teresabergada\/wp-content\/uploads\/usu1533\/2020\/05\/30-CPons\u00ed_passatemps-Amades-scaled-1024x627.jpg 1024w\" sizes=\"auto, (max-width: 2560px) 100vw, 2560px\" \/><\/a><\/p>\n","protected":false},"excerpt":{"rendered":"<p>Hola a tothom!!!<br \/>\nAquesta setmana comen\u00e7arem amb aquest ECO-RITME.Ho podeu fer amb els objectes que vulgueu.<\/p>\n<p>&nbsp;<br \/>\nEn segon lloc repassarem notes. SOL-MI-DO.Primer escoltem la can\u00e7\u00f3 amb aquestes notes i despr\u00e9s<br \/>\npodeu imprimir el document\u00a0 , o ho feu en un full de pentagrames i despr\u00e9s ho envieu.<br \/>\n<a href=\"https:\/\/agora.xtec.cat\/esc-teresabergada\/wp-content\/uploads\/usu1533\/2020\/05\/sol_mi_do.pdf\">sol_mi_do<\/a><\/p>\n<p>&nbsp;<br \/>\nI&hellip;  <a href=\"https:\/\/agora.xtec.cat\/esc-teresabergada\/general\/cinquena-setmana-cicle-inicial\/\" title=\"Read CINQUENA SETMANA &#8211; CICLE INICIAL\">Llegeix m\u00e9s\u00bb<\/a><\/p>\n","protected":false},"author":1,"featured_media":6946,"comment_status":"open","ping_status":"closed","sticky":false,"template":"","format":"standard","meta":{"_bbp_topic_count":0,"_bbp_reply_count":0,"_bbp_total_topic_count":0,"_bbp_total_reply_count":0,"_bbp_voice_count":0,"_bbp_anonymous_reply_count":0,"_bbp_topic_count_hidden":0,"_bbp_reply_count_hidden":0,"_bbp_forum_subforum_count":0,"footnotes":""},"categories":[1,104],"tags":[466,135,491,56,366],"class_list":["post-6942","post","type-post","status-publish","format-standard","has-post-thumbnail","hentry","category-general","category-musica","tag-totanirabe","tag-cicle-inicial","tag-llenguatge-musical","tag-musica","tag-ritme"],"post_mailing_queue_ids":[],"_links":{"self":[{"href":"https:\/\/agora.xtec.cat\/esc-teresabergada\/wp-json\/wp\/v2\/posts\/6942","targetHints":{"allow":["GET"]}}],"collection":[{"href":"https:\/\/agora.xtec.cat\/esc-teresabergada\/wp-json\/wp\/v2\/posts"}],"about":[{"href":"https:\/\/agora.xtec.cat\/esc-teresabergada\/wp-json\/wp\/v2\/types\/post"}],"author":[{"embeddable":true,"href":"https:\/\/agora.xtec.cat\/esc-teresabergada\/wp-json\/wp\/v2\/users\/1"}],"replies":[{"embeddable":true,"href":"https:\/\/agora.xtec.cat\/esc-teresabergada\/wp-json\/wp\/v2\/comments?post=6942"}],"version-history":[{"count":3,"href":"https:\/\/agora.xtec.cat\/esc-teresabergada\/wp-json\/wp\/v2\/posts\/6942\/revisions"}],"predecessor-version":[{"id":6958,"href":"https:\/\/agora.xtec.cat\/esc-teresabergada\/wp-json\/wp\/v2\/posts\/6942\/revisions\/6958"}],"wp:featuredmedia":[{"embeddable":true,"href":"https:\/\/agora.xtec.cat\/esc-teresabergada\/wp-json\/wp\/v2\/media\/6946"}],"wp:attachment":[{"href":"https:\/\/agora.xtec.cat\/esc-teresabergada\/wp-json\/wp\/v2\/media?parent=6942"}],"wp:term":[{"taxonomy":"category","embeddable":true,"href":"https:\/\/agora.xtec.cat\/esc-teresabergada\/wp-json\/wp\/v2\/categories?post=6942"},{"taxonomy":"post_tag","embeddable":true,"href":"https:\/\/agora.xtec.cat\/esc-teresabergada\/wp-json\/wp\/v2\/tags?post=6942"}],"curies":[{"name":"wp","href":"https:\/\/api.w.org\/{rel}","templated":true}]}}