{"id":6883,"date":"2020-05-08T17:23:53","date_gmt":"2020-05-08T15:23:53","guid":{"rendered":"http:\/\/agora.xtec.cat\/esc-teresabergada\/?p=6883"},"modified":"2020-06-04T15:53:05","modified_gmt":"2020-06-04T13:53:05","slug":"preinscripcio-escolar-curs-2020-2021","status":"publish","type":"post","link":"https:\/\/agora.xtec.cat\/esc-teresabergada\/general\/preinscripcio-escolar-curs-2020-2021\/","title":{"rendered":"PREINSCRIPCI\u00d3 ESCOLAR CURS 2020-2021"},"content":{"rendered":"<p><span style=\"color: #000080;\"><strong>COM I QUAN ES FAR\u00c0?<\/strong><\/span><\/p>\n<p><span style=\"color: #3366ff;\"><strong>TELEM\u00c0TICAMENT<\/strong><\/span>\u00a0(del 13 al 22 de maig)<\/p>\n<p>Aquest <span style=\"font-family: inherit; font-size: 1em;\">any i com a prevenci\u00f3, es promou la <strong>preinscripci\u00f3 telem\u00e0tica.<\/strong> El tr\u00e0mit es podr\u00e0 fer tot online a trav\u00e9s del portal\u00a0<\/span><a style=\"font-family: inherit; font-size: 1em;\" href=\"http:\/\/queestudiar.gencat.cat\/ca\/preinscripcio\/\" target=\"_blank\" rel=\"noopener noreferrer\">preinscripcio.gencat.cat<\/a><span style=\"font-family: inherit; font-size: 1em;\">.\u00a0<\/span><strong style=\"font-family: inherit; font-size: 1em;\">S\u2019elimina la necessitat de presentar la sol\u00b7licitud i la documentaci\u00f3 en paper<\/strong><span style=\"font-family: inherit; font-size: 1em;\">\u00a0al centre, i queda substitu\u00efda per\u00a0<\/span><strong style=\"font-family: inherit; font-size: 1em;\">utilitzar\u00a0 el formulari telem\u00e0tic i enviar la documentaci\u00f3 necess\u00e0ria escanejada o fotografiada mitjan\u00e7ant un correu a la b\u00fastia electr\u00f2nica<\/strong><span style=\"font-family: inherit; font-size: 1em;\"> oficial del centre\u00a0 (<\/span><strong>c5005120<span class=\"\"><span class=\"\">@xtec.ca<\/span><\/span>t).<\/strong><\/p>\n<p>La sol\u00b7licitud de preinscripci\u00f3 es considera formalitzada amb l\u2019enviament del correu electr\u00f2nic, amb el <strong>resguard i la documentaci\u00f3 acreditativa adjunta<\/strong>.Les fam\u00edlies rebreu\u00a0 resposta al correu indicant que s\u2019ha rebut la vostra sol\u00b7licitud.<\/p>\n<p>*Important:<\/p>\n<ul>\n<li>El codi centre de l&#8217;escola \u00e9s 25005120.<\/li>\n<li>A l\u2019apartat de la sol\u00b7licitud on es demana el n\u00famero d\u2019identificaci\u00f3 de l\u2019alumne (IDALU), els alumnes de P3 no han de posar res.<\/li>\n<\/ul>\n<p>&nbsp;<\/p>\n<p><span style=\"color: #3366ff;\"><strong>PRESENCIALMENT<\/strong>\u00a0<\/span>(de manera\u00a0<strong>EXCEPCIONAL<\/strong>, del 19 al 22 de maig):<\/p>\n<p><strong>La preinscripci\u00f3 presencial estar\u00e0 disponible del 19 de maig al 22 de maig incl\u00f2s (de 9:00h a 12:00h).<\/strong>\u00a0Per a fer-ho, caldr\u00e0 demanar\u00a0<strong>cita pr\u00e8via<\/strong> al centre \u00a0per correu electr\u00f2nic (c5005120@xtec.cat), especificant:<\/p>\n<ul>\n<li>Nom i cognoms del vostre fill\/a.<\/li>\n<li>El dia i hora que us va b\u00e9.<\/li>\n<li>Un tel\u00e8fon de contacte.<\/li>\n<\/ul>\n<p><strong>Recomanacions per a la sol\u00b7licitud presencial:<\/strong><\/p>\n<ul>\n<li>Assistir el menor nombre possible de persones a fer les gestions (<strong>preferiblement, una sola persona<\/strong>).<\/li>\n<li>Portar tota la documentaci\u00f3 per a poder-la escanejar o fotocopiar i, si pot ser, <strong>la sol\u00b7licitud emplenada des de casa<\/strong>. Si heu d\u2019omplir la sol\u00b7licitud en paper al centre, conv\u00e9 que <strong>porteu el vostre propi bol\u00edgraf<\/strong>.<\/li>\n<li>Recordar la recomanaci\u00f3 de <strong>portar mascareta i guants<\/strong>.<\/li>\n<li><strong>No poden acudir les persones de grups d\u2019especial vulnerabilitat o en per\u00edode de confinament, o que presentin s\u00edmptomes<\/strong>. En aquest cas, poden autoritzar per escrit a una altra persona a portar la sol\u00b7licitud i la documentaci\u00f3.<\/li>\n<\/ul>\n<p><strong>DOCUMENTACI\u00d3 A PRESENTAR<\/strong><\/p>\n<ul>\n<li>Sol\u00b7licitud preinscripci\u00f3 curs 2020-2021.<\/li>\n<li>Fotoc\u00f2pia del NIF, NIE o Passaport del pare, la mare i, si en disposa, de l\u2019alumne\/a.<\/li>\n<li>Fotoc\u00f2pia del llibre de fam\u00edlia (totes les p\u00e0gines, pare, mare i tots els fills de la unitat familiar).<\/li>\n<li>Fotoc\u00f2pia del carnet de vacunes.<\/li>\n<li>Fotoc\u00f2pia de la targeta sanit\u00e0ria de l\u2019alumne\/a<\/li>\n<li>Carnet de fam\u00edlia nombrosa (de tots els membres en un mateix full)<\/li>\n<\/ul>\n<p>* Si l\u2019adre\u00e7a no figura correctament al DNI: CAL CERTIFICAT CONVIV\u00c8NCIA \u2013 EMPADRONAMENT (Ajuntament).<\/p>\n<h3><span style=\"font-size: 16px; font-weight: 400;\">M\u00e9s informaci\u00f3:\u00a0<\/span><a style=\"color: #2795b6; font-size: 16px; font-weight: 400;\" href=\"http:\/\/queestudiar.gencat.cat\/ca\/preinscripcio\/\">http:\/\/queestudiar.gencat.cat\/ca\/preinscripcio\/<\/a><\/h3>\n<h5><\/h5>\n<h5><a href=\"http:\/\/mapaescolar.gencat.cat\/\">Oferta inicial de places<\/a><\/h5>\n<h2>Barem Provisional<\/h2>\n<p>Publicaci\u00f3 de la llista de sol\u00b7licituds que han demanat el centre i l&#8217;ensenyament en primera petici\u00f3 amb el barem provisional a 29\/05\/2020.<\/p>\n<p><a href=\"https:\/\/drive.google.com\/file\/d\/1X-vFjjEv40EKt7jfpRYyXRMBUU1vHBxD\/view?usp=sharing\">Llistat de barems.<\/a><\/p>\n<p>&nbsp;<\/p>\n<h3><strong>Estigueu pendents de les actualitzacions.<\/strong><\/h3>\n","protected":false},"excerpt":{"rendered":"<p>COM I QUAN ES FAR\u00c0?<br \/>\nTELEM\u00c0TICAMENT\u00a0(del 13 al 22 de maig)<br \/>\nAquest any i com a prevenci\u00f3, es promou la preinscripci\u00f3 telem\u00e0tica. El tr\u00e0mit es podr\u00e0 fer tot online a trav\u00e9s del portal\u00a0<a style=\"font-family: inherit; font-size: 1em;\" href=\"http:\/\/queestudiar.gencat.cat\/ca\/preinscripcio\/\" target=\"_blank\" rel=\"noopener noreferrer\">preinscripcio.gencat.cat<\/a>.\u00a0S\u2019elimina la necessitat de presentar la sol\u00b7licitud&hellip;  <a href=\"https:\/\/agora.xtec.cat\/esc-teresabergada\/general\/preinscripcio-escolar-curs-2020-2021\/\" title=\"Read PREINSCRIPCI\u00d3 ESCOLAR CURS 2020-2021\">Llegeix m\u00e9s\u00bb<\/a><\/p>\n","protected":false},"author":7,"featured_media":0,"comment_status":"open","ping_status":"closed","sticky":false,"template":"","format":"standard","meta":{"_bbp_topic_count":0,"_bbp_reply_count":0,"_bbp_total_topic_count":0,"_bbp_total_reply_count":0,"_bbp_voice_count":0,"_bbp_anonymous_reply_count":0,"_bbp_topic_count_hidden":0,"_bbp_reply_count_hidden":0,"_bbp_forum_subforum_count":0,"footnotes":""},"categories":[1,4],"tags":[493],"class_list":["post-6883","post","type-post","status-publish","format-standard","hentry","category-general","category-portada","tag-preinscripcio"],"post_mailing_queue_ids":[],"_links":{"self":[{"href":"https:\/\/agora.xtec.cat\/esc-teresabergada\/wp-json\/wp\/v2\/posts\/6883","targetHints":{"allow":["GET"]}}],"collection":[{"href":"https:\/\/agora.xtec.cat\/esc-teresabergada\/wp-json\/wp\/v2\/posts"}],"about":[{"href":"https:\/\/agora.xtec.cat\/esc-teresabergada\/wp-json\/wp\/v2\/types\/post"}],"author":[{"embeddable":true,"href":"https:\/\/agora.xtec.cat\/esc-teresabergada\/wp-json\/wp\/v2\/users\/7"}],"replies":[{"embeddable":true,"href":"https:\/\/agora.xtec.cat\/esc-teresabergada\/wp-json\/wp\/v2\/comments?post=6883"}],"version-history":[{"count":4,"href":"https:\/\/agora.xtec.cat\/esc-teresabergada\/wp-json\/wp\/v2\/posts\/6883\/revisions"}],"predecessor-version":[{"id":7260,"href":"https:\/\/agora.xtec.cat\/esc-teresabergada\/wp-json\/wp\/v2\/posts\/6883\/revisions\/7260"}],"wp:attachment":[{"href":"https:\/\/agora.xtec.cat\/esc-teresabergada\/wp-json\/wp\/v2\/media?parent=6883"}],"wp:term":[{"taxonomy":"category","embeddable":true,"href":"https:\/\/agora.xtec.cat\/esc-teresabergada\/wp-json\/wp\/v2\/categories?post=6883"},{"taxonomy":"post_tag","embeddable":true,"href":"https:\/\/agora.xtec.cat\/esc-teresabergada\/wp-json\/wp\/v2\/tags?post=6883"}],"curies":[{"name":"wp","href":"https:\/\/api.w.org\/{rel}","templated":true}]}}