{"id":6848,"date":"2020-05-04T21:56:12","date_gmt":"2020-05-04T19:56:12","guid":{"rendered":"http:\/\/agora.xtec.cat\/esc-teresabergada\/?p=6848"},"modified":"2020-09-08T05:16:19","modified_gmt":"2020-09-08T03:16:19","slug":"finestra-al-mon","status":"publish","type":"post","link":"https:\/\/agora.xtec.cat\/esc-teresabergada\/general\/finestra-al-mon\/","title":{"rendered":"FINESTRA AL M\u00d3N."},"content":{"rendered":"<p><a href=\"https:\/\/agora.xtec.cat\/esc-teresabergada\/wp-content\/uploads\/usu1533\/2020\/05\/REPTES.jpg\"><img loading=\"lazy\" decoding=\"async\" class=\" wp-image-6850 aligncenter\" src=\"https:\/\/agora.xtec.cat\/esc-teresabergada\/wp-content\/uploads\/usu1533\/2020\/05\/REPTES.jpg\" alt=\"\" width=\"289\" height=\"81\" \/><\/a><\/p>\n<p>Aquesta setmana s\u00ed que ha estat una finestra al m\u00f3n!. La primera setmana que es pot sortir a passejar, a respirar a l&#8217;aire lliure i a anar en bicicleta i en patinet. Tamb\u00e9 us hem fet arribar propostes de reptes qu\u00e8, pensem,\u00a0 us han agradat.<\/p>\n<p>El repte de comunicaci\u00f3 ha estat lligat al fet de sortir al carrer. Esperem que el conte de la Paula us hagi agradat tant com a nosaltres. Cliqueu a la\u00a0 portada del conte per veure els dibuixos i textos sobre les vostres impressions de la primera sortida.<\/p>\n<p><a href=\"https:\/\/drive.google.com\/drive\/folders\/1DuG2RuwCgZqLTz9Z0IGsTNAWXxf3gWAV?usp=sharing\"><img loading=\"lazy\" decoding=\"async\" class=\"wp-image-6852 aligncenter\" src=\"https:\/\/agora.xtec.cat\/esc-teresabergada\/wp-content\/uploads\/usu1533\/2020\/05\/tot-anira-be.jpg\" alt=\"\" width=\"159\" height=\"148\" srcset=\"https:\/\/agora.xtec.cat\/esc-teresabergada\/wp-content\/uploads\/usu1533\/2020\/05\/tot-anira-be.jpg 765w, https:\/\/agora.xtec.cat\/esc-teresabergada\/wp-content\/uploads\/usu1533\/2020\/05\/tot-anira-be-300x280.jpg 300w\" sizes=\"auto, (max-width: 159px) 100vw, 159px\" \/><\/a><\/p>\n<p>L&#8217;altre repte ha estat el cient\u00edfic, amb l&#8217;experiement de lacasitos i aigua. Clica la foto per veure els moments clau dels vostres experiments.<a href=\"https:\/\/drive.google.com\/drive\/folders\/1YAT4Q5ZJT8x-8dLMqF1Bqs0K6kBZ_VAP?usp=sharing\"><img loading=\"lazy\" decoding=\"async\" class=\"wp-image-6849 aligncenter\" src=\"https:\/\/agora.xtec.cat\/esc-teresabergada\/wp-content\/uploads\/usu1533\/2020\/05\/LACASITOS.jpg\" alt=\"\" width=\"148\" height=\"153\" srcset=\"https:\/\/agora.xtec.cat\/esc-teresabergada\/wp-content\/uploads\/usu1533\/2020\/05\/LACASITOS.jpg 694w, https:\/\/agora.xtec.cat\/esc-teresabergada\/wp-content\/uploads\/usu1533\/2020\/05\/LACASITOS-291x300.jpg 291w\" sizes=\"auto, (max-width: 148px) 100vw, 148px\" \/><\/a><\/p>\n<p>I, finalment, dues propostes per afavorir la meditaci\u00f3 i el mindfulness. Heu treballat l&#8217;atenci\u00f3 i el relaxament, a partir de la respiraci\u00f3, i diferents postures de ioga, amb el ritual de salutaci\u00f3 al m\u00f3n. Cliqueu al sol i veureu algun exemple de les vostres viv\u00e8ncies.\u00a0<a href=\"https:\/\/drive.google.com\/drive\/folders\/1R8ayTX5Dad9TsiJjkVCWKunQNRiqXwh3?usp=sharing\"><br \/>\n<img loading=\"lazy\" decoding=\"async\" class=\"wp-image-6851 aligncenter\" src=\"https:\/\/agora.xtec.cat\/esc-teresabergada\/wp-content\/uploads\/usu1533\/2020\/05\/sol-solet-12.jpg\" alt=\"\" width=\"169\" height=\"169\" srcset=\"https:\/\/agora.xtec.cat\/esc-teresabergada\/wp-content\/uploads\/usu1533\/2020\/05\/sol-solet-12.jpg 225w, https:\/\/agora.xtec.cat\/esc-teresabergada\/wp-content\/uploads\/usu1533\/2020\/05\/sol-solet-12-150x150.jpg 150w\" sizes=\"auto, (max-width: 169px) 100vw, 169px\" \/><\/a><\/p>\n","protected":false},"excerpt":{"rendered":"<p><a href=\"https:\/\/agora.xtec.cat\/esc-teresabergada\/wp-content\/uploads\/usu1533\/2020\/05\/REPTES.jpg\"><\/a><br \/>\nAquesta setmana s\u00ed que ha estat una finestra al m\u00f3n!. La primera setmana que es pot sortir a passejar, a respirar a l&#8217;aire lliure i a anar en bicicleta i en patinet. Tamb\u00e9 us hem fet arribar propostes de reptes qu\u00e8, pensem,\u00a0 us han&hellip;  <a href=\"https:\/\/agora.xtec.cat\/esc-teresabergada\/general\/finestra-al-mon\/\" title=\"Read FINESTRA AL M\u00d3N.\">Llegeix m\u00e9s\u00bb<\/a><\/p>\n","protected":false},"author":12,"featured_media":6850,"comment_status":"open","ping_status":"closed","sticky":false,"template":"","format":"standard","meta":{"_bbp_topic_count":0,"_bbp_reply_count":0,"_bbp_total_topic_count":0,"_bbp_total_reply_count":0,"_bbp_voice_count":0,"_bbp_anonymous_reply_count":0,"_bbp_topic_count_hidden":0,"_bbp_reply_count_hidden":0,"_bbp_forum_subforum_count":0,"footnotes":""},"categories":[348,1,236,251,2],"tags":[121,485],"class_list":["post-6848","post","type-post","status-publish","format-standard","has-post-thumbnail","hentry","category-1r","category-general","category-i4","category-i5","category-infantil","tag-educacio-infantil","tag-reptes"],"post_mailing_queue_ids":[],"_links":{"self":[{"href":"https:\/\/agora.xtec.cat\/esc-teresabergada\/wp-json\/wp\/v2\/posts\/6848","targetHints":{"allow":["GET"]}}],"collection":[{"href":"https:\/\/agora.xtec.cat\/esc-teresabergada\/wp-json\/wp\/v2\/posts"}],"about":[{"href":"https:\/\/agora.xtec.cat\/esc-teresabergada\/wp-json\/wp\/v2\/types\/post"}],"author":[{"embeddable":true,"href":"https:\/\/agora.xtec.cat\/esc-teresabergada\/wp-json\/wp\/v2\/users\/12"}],"replies":[{"embeddable":true,"href":"https:\/\/agora.xtec.cat\/esc-teresabergada\/wp-json\/wp\/v2\/comments?post=6848"}],"version-history":[{"count":2,"href":"https:\/\/agora.xtec.cat\/esc-teresabergada\/wp-json\/wp\/v2\/posts\/6848\/revisions"}],"predecessor-version":[{"id":6854,"href":"https:\/\/agora.xtec.cat\/esc-teresabergada\/wp-json\/wp\/v2\/posts\/6848\/revisions\/6854"}],"wp:featuredmedia":[{"embeddable":true,"href":"https:\/\/agora.xtec.cat\/esc-teresabergada\/wp-json\/wp\/v2\/media\/6850"}],"wp:attachment":[{"href":"https:\/\/agora.xtec.cat\/esc-teresabergada\/wp-json\/wp\/v2\/media?parent=6848"}],"wp:term":[{"taxonomy":"category","embeddable":true,"href":"https:\/\/agora.xtec.cat\/esc-teresabergada\/wp-json\/wp\/v2\/categories?post=6848"},{"taxonomy":"post_tag","embeddable":true,"href":"https:\/\/agora.xtec.cat\/esc-teresabergada\/wp-json\/wp\/v2\/tags?post=6848"}],"curies":[{"name":"wp","href":"https:\/\/api.w.org\/{rel}","templated":true}]}}