{"id":6839,"date":"2020-05-04T18:01:15","date_gmt":"2020-05-04T16:01:15","guid":{"rendered":"http:\/\/agora.xtec.cat\/esc-teresabergada\/?p=6839"},"modified":"2020-05-09T16:17:41","modified_gmt":"2020-05-09T14:17:41","slug":"quarta-setmana-cicle-mitja","status":"publish","type":"post","link":"https:\/\/agora.xtec.cat\/esc-teresabergada\/general\/quarta-setmana-cicle-mitja\/","title":{"rendered":"QUARTA SETMANA &#8211; CICLE MITJ\u00c0"},"content":{"rendered":"<p>Hola a tots i totes,aquesta setmana recordarem el primer m\u00fasic que vam con\u00e9ixer quan erem m\u00e9s petits:<\/p>\n<p><strong>Wolfgang Amadeus\u00a0Mozart<\/strong><\/p>\n<p>Comen\u00e7arem escoltant una bonica m\u00fasica:<\/p>\n<p><iframe loading=\"lazy\" src=\"https:\/\/www.youtube.com\/embed\/YofUPSyCrwo\" width=\"560\" height=\"315\" frameborder=\"0\"><\/iframe><\/p>\n<p>Seguirem amb una part de la FLAUTA M\u00c0GICA (una mica diferent)<\/p>\n<p><iframe loading=\"lazy\" src=\"https:\/\/www.youtube.com\/embed\/IadMiijgNFo\" width=\"560\" height=\"315\" frameborder=\"0\"><\/iframe><\/p>\n<p>&nbsp;<\/p>\n<p>I ara jugarem una mica,a veure quantes en sabeu:<\/p>\n<p>Cliqueu la imatge,fiqueu el nom i a veure qui guanya!!!!<\/p>\n<p><a href=\"https:\/\/kahoot.it\/challenge\/05306181?challenge-id=0becd811-e3b1-418f-b9fd-542f5dc7f44b_1588840199980\"><img loading=\"lazy\" decoding=\"async\" class=\"size-medium wp-image-6835 alignleft\" src=\"https:\/\/agora.xtec.cat\/esc-teresabergada\/wp-content\/uploads\/usu1533\/2020\/05\/baixa-300x168.png\" alt=\"\" width=\"300\" height=\"168\" \/><\/a><\/p>\n","protected":false},"excerpt":{"rendered":"<p>Hola a tots i totes,aquesta setmana recordarem el primer m\u00fasic que vam con\u00e9ixer quan erem m\u00e9s petits:<br \/>\nWolfgang Amadeus\u00a0Mozart<br \/>\nComen\u00e7arem escoltant una bonica m\u00fasica:<\/p>\n<p>Seguirem amb una part de la FLAUTA M\u00c0GICA (una mica diferent)<\/p>\n<p>&nbsp;<br \/>\nI ara jugarem una mica,a veure quantes en sabeu:<br \/>\nCliqueu la imatge,fiqueu el nom i&hellip;  <a href=\"https:\/\/agora.xtec.cat\/esc-teresabergada\/general\/quarta-setmana-cicle-mitja\/\" title=\"Read QUARTA SETMANA &#8211; CICLE MITJ\u00c0\">Llegeix m\u00e9s\u00bb<\/a><\/p>\n","protected":false},"author":1,"featured_media":6840,"comment_status":"open","ping_status":"closed","sticky":false,"template":"","format":"standard","meta":{"_bbp_topic_count":0,"_bbp_reply_count":0,"_bbp_total_topic_count":0,"_bbp_total_reply_count":0,"_bbp_voice_count":0,"_bbp_anonymous_reply_count":0,"_bbp_topic_count_hidden":0,"_bbp_reply_count_hidden":0,"_bbp_forum_subforum_count":0,"footnotes":""},"categories":[1,104],"tags":[466,257,492,56],"class_list":["post-6839","post","type-post","status-publish","format-standard","has-post-thumbnail","hentry","category-general","category-musica","tag-totanirabe","tag-cicle-mijta","tag-mozart","tag-musica"],"post_mailing_queue_ids":[],"_links":{"self":[{"href":"https:\/\/agora.xtec.cat\/esc-teresabergada\/wp-json\/wp\/v2\/posts\/6839","targetHints":{"allow":["GET"]}}],"collection":[{"href":"https:\/\/agora.xtec.cat\/esc-teresabergada\/wp-json\/wp\/v2\/posts"}],"about":[{"href":"https:\/\/agora.xtec.cat\/esc-teresabergada\/wp-json\/wp\/v2\/types\/post"}],"author":[{"embeddable":true,"href":"https:\/\/agora.xtec.cat\/esc-teresabergada\/wp-json\/wp\/v2\/users\/1"}],"replies":[{"embeddable":true,"href":"https:\/\/agora.xtec.cat\/esc-teresabergada\/wp-json\/wp\/v2\/comments?post=6839"}],"version-history":[{"count":3,"href":"https:\/\/agora.xtec.cat\/esc-teresabergada\/wp-json\/wp\/v2\/posts\/6839\/revisions"}],"predecessor-version":[{"id":6864,"href":"https:\/\/agora.xtec.cat\/esc-teresabergada\/wp-json\/wp\/v2\/posts\/6839\/revisions\/6864"}],"wp:featuredmedia":[{"embeddable":true,"href":"https:\/\/agora.xtec.cat\/esc-teresabergada\/wp-json\/wp\/v2\/media\/6840"}],"wp:attachment":[{"href":"https:\/\/agora.xtec.cat\/esc-teresabergada\/wp-json\/wp\/v2\/media?parent=6839"}],"wp:term":[{"taxonomy":"category","embeddable":true,"href":"https:\/\/agora.xtec.cat\/esc-teresabergada\/wp-json\/wp\/v2\/categories?post=6839"},{"taxonomy":"post_tag","embeddable":true,"href":"https:\/\/agora.xtec.cat\/esc-teresabergada\/wp-json\/wp\/v2\/tags?post=6839"}],"curies":[{"name":"wp","href":"https:\/\/api.w.org\/{rel}","templated":true}]}}