{"id":6693,"date":"2020-04-29T11:23:09","date_gmt":"2020-04-29T09:23:09","guid":{"rendered":"http:\/\/agora.xtec.cat\/esc-teresabergada\/?p=6693"},"modified":"2020-05-03T17:30:50","modified_gmt":"2020-05-03T15:30:50","slug":"tercera-setmana-educacio-infantil","status":"publish","type":"post","link":"https:\/\/agora.xtec.cat\/esc-teresabergada\/general\/tercera-setmana-educacio-infantil\/","title":{"rendered":"TERCERA SETMANA -EDUCACI\u00d3 INFANTIL"},"content":{"rendered":"<p>TERCERA SETMANA &#8211; 4 DE MAIG<\/p>\n<p>Aquesta setmana us proposo tres can\u00e7ons:<\/p>\n<p>&nbsp;<\/p>\n<p><iframe loading=\"lazy\" src=\"https:\/\/www.youtube.com\/embed\/RlXzcCy1S7I\" width=\"560\" height=\"315\" frameborder=\"0\"><\/iframe><\/p>\n<p>&nbsp;<\/p>\n<p>&nbsp;<\/p>\n<p><iframe loading=\"lazy\" src=\"https:\/\/www.youtube.com\/embed\/zerycpsBFXw\" width=\"560\" height=\"315\" frameborder=\"0\"><\/iframe><\/p>\n<p>&nbsp;<\/p>\n<p>&nbsp;<\/p>\n<p><iframe loading=\"lazy\" src=\"https:\/\/www.youtube.com\/embed\/dGsJORqiXGw\" width=\"560\" height=\"315\" frameborder=\"0\"><\/iframe><\/p>\n<p>Aqui teniu les tres fitxes de les can\u00e7ons. Les podeu descarregar i pintar o fer un dibuix de la can\u00e7\u00f3 que m\u00e9s us ha agradat.<\/p>\n<p><a href=\"https:\/\/agora.xtec.cat\/esc-teresabergada\/wp-content\/uploads\/usu1533\/2020\/04\/Can\u00e7\u00f3-El-gall-i-la-gallina.pdf\">Can\u00e7\u00f3-El-gall-i-la-gallina<\/a><\/p>\n<p><a href=\"https:\/\/agora.xtec.cat\/esc-teresabergada\/wp-content\/uploads\/usu1533\/2020\/04\/Can\u00e7\u00f3-El-lle\u00f3-no-em-fa-por1.pdf\">Can\u00e7\u00f3-El-lle\u00f3-no-em-fa-por1<\/a><\/p>\n<p><a href=\"https:\/\/agora.xtec.cat\/esc-teresabergada\/wp-content\/uploads\/usu1533\/2020\/04\/Can\u00e7\u00f3-Lesquirol.pdf\">Can\u00e7\u00f3-Lesquirol<\/a><\/p>\n<p>&nbsp;<\/p>\n<p>UNA ABRA\u00c7ADA A TOTS I TOTES.<\/p>\n<p><a href=\"https:\/\/agora.xtec.cat\/esc-teresabergada\/wp-content\/uploads\/usu1533\/2020\/03\/ada8c3d0bbd90192236acae692e92f80.jpg\"><img loading=\"lazy\" decoding=\"async\" class=\"size-full wp-image-6080 alignleft\" src=\"https:\/\/agora.xtec.cat\/esc-teresabergada\/wp-content\/uploads\/usu1533\/2020\/03\/ada8c3d0bbd90192236acae692e92f80.jpg\" alt=\"\" width=\"225\" height=\"225\" srcset=\"https:\/\/agora.xtec.cat\/esc-teresabergada\/wp-content\/uploads\/usu1533\/2020\/03\/ada8c3d0bbd90192236acae692e92f80.jpg 225w, https:\/\/agora.xtec.cat\/esc-teresabergada\/wp-content\/uploads\/usu1533\/2020\/03\/ada8c3d0bbd90192236acae692e92f80-150x150.jpg 150w\" sizes=\"auto, (max-width: 225px) 100vw, 225px\" \/><\/a><\/p>\n","protected":false},"excerpt":{"rendered":"<p>TERCERA SETMANA &#8211; 4 DE MAIG<br \/>\nAquesta setmana us proposo tres can\u00e7ons:<br \/>\n&nbsp;<\/p>\n<p>&nbsp;<br \/>\n&nbsp;<\/p>\n<p>&nbsp;<br \/>\n&nbsp;<\/p>\n<p>Aqui teniu les tres fitxes de les can\u00e7ons. Les podeu descarregar i pintar o fer un dibuix de la can\u00e7\u00f3 que m\u00e9s us ha agradat.<br \/>\n<a href=\"https:\/\/agora.xtec.cat\/esc-teresabergada\/wp-content\/uploads\/usu1533\/2020\/04\/Can\u00e7\u00f3-El-gall-i-la-gallina.pdf\">Can\u00e7\u00f3-El-gall-i-la-gallina<\/a><br \/>\n<a href=\"https:\/\/agora.xtec.cat\/esc-teresabergada\/wp-content\/uploads\/usu1533\/2020\/04\/Can\u00e7\u00f3-El-lle\u00f3-no-em-fa-por1.pdf\">Can\u00e7\u00f3-El-lle\u00f3-no-em-fa-por1<\/a><br \/>\n<a href=\"https:\/\/agora.xtec.cat\/esc-teresabergada\/wp-content\/uploads\/usu1533\/2020\/04\/Can\u00e7\u00f3-Lesquirol.pdf\">Can\u00e7\u00f3-Lesquirol<\/a><br \/>\n&nbsp;<br \/>\nUNA ABRA\u00c7ADA A TOTS I TOTES.<br \/>\n<a href=\"https:\/\/agora.xtec.cat\/esc-teresabergada\/wp-content\/uploads\/usu1533\/2020\/03\/ada8c3d0bbd90192236acae692e92f80.jpg\"><\/a><\/p>\n","protected":false},"author":1,"featured_media":6697,"comment_status":"open","ping_status":"closed","sticky":false,"template":"","format":"standard","meta":{"_bbp_topic_count":0,"_bbp_reply_count":0,"_bbp_total_topic_count":0,"_bbp_total_reply_count":0,"_bbp_voice_count":0,"_bbp_anonymous_reply_count":0,"_bbp_topic_count_hidden":0,"_bbp_reply_count_hidden":0,"_bbp_forum_subforum_count":0,"footnotes":""},"categories":[1,104],"tags":[466,61,100,121,56,106],"class_list":["post-6693","post","type-post","status-publish","format-standard","has-post-thumbnail","hentry","category-general","category-musica","tag-totanirabe","tag-activitats","tag-canco","tag-educacio-infantil","tag-musica","tag-video"],"post_mailing_queue_ids":[],"_links":{"self":[{"href":"https:\/\/agora.xtec.cat\/esc-teresabergada\/wp-json\/wp\/v2\/posts\/6693","targetHints":{"allow":["GET"]}}],"collection":[{"href":"https:\/\/agora.xtec.cat\/esc-teresabergada\/wp-json\/wp\/v2\/posts"}],"about":[{"href":"https:\/\/agora.xtec.cat\/esc-teresabergada\/wp-json\/wp\/v2\/types\/post"}],"author":[{"embeddable":true,"href":"https:\/\/agora.xtec.cat\/esc-teresabergada\/wp-json\/wp\/v2\/users\/1"}],"replies":[{"embeddable":true,"href":"https:\/\/agora.xtec.cat\/esc-teresabergada\/wp-json\/wp\/v2\/comments?post=6693"}],"version-history":[{"count":3,"href":"https:\/\/agora.xtec.cat\/esc-teresabergada\/wp-json\/wp\/v2\/posts\/6693\/revisions"}],"predecessor-version":[{"id":6701,"href":"https:\/\/agora.xtec.cat\/esc-teresabergada\/wp-json\/wp\/v2\/posts\/6693\/revisions\/6701"}],"wp:featuredmedia":[{"embeddable":true,"href":"https:\/\/agora.xtec.cat\/esc-teresabergada\/wp-json\/wp\/v2\/media\/6697"}],"wp:attachment":[{"href":"https:\/\/agora.xtec.cat\/esc-teresabergada\/wp-json\/wp\/v2\/media?parent=6693"}],"wp:term":[{"taxonomy":"category","embeddable":true,"href":"https:\/\/agora.xtec.cat\/esc-teresabergada\/wp-json\/wp\/v2\/categories?post=6693"},{"taxonomy":"post_tag","embeddable":true,"href":"https:\/\/agora.xtec.cat\/esc-teresabergada\/wp-json\/wp\/v2\/tags?post=6693"}],"curies":[{"name":"wp","href":"https:\/\/api.w.org\/{rel}","templated":true}]}}