{"id":6666,"date":"2020-04-27T21:54:58","date_gmt":"2020-04-27T19:54:58","guid":{"rendered":"http:\/\/agora.xtec.cat\/esc-teresabergada\/?p=6666"},"modified":"2020-09-08T05:16:26","modified_gmt":"2020-09-08T03:16:26","slug":"els-reptes-una-finestra-al-mon","status":"publish","type":"post","link":"https:\/\/agora.xtec.cat\/esc-teresabergada\/general\/els-reptes-una-finestra-al-mon\/","title":{"rendered":"ELS REPTES, UNA FINESTRA AL M\u00d3N."},"content":{"rendered":"<p style=\"text-align: center\"><a href=\"https:\/\/agora.xtec.cat\/esc-teresabergada\/wp-content\/uploads\/usu1533\/2020\/04\/escolafinestra1.jpg\"> <img loading=\"lazy\" decoding=\"async\" class=\"alignnone size-full wp-image-6667\" src=\"https:\/\/agora.xtec.cat\/esc-teresabergada\/wp-content\/uploads\/usu1533\/2020\/04\/escolafinestra1.jpg\" alt=\"\" width=\"312\" height=\"239\" srcset=\"https:\/\/agora.xtec.cat\/esc-teresabergada\/wp-content\/uploads\/usu1533\/2020\/04\/escolafinestra1.jpg 312w, https:\/\/agora.xtec.cat\/esc-teresabergada\/wp-content\/uploads\/usu1533\/2020\/04\/escolafinestra1-300x230.jpg 300w\" sizes=\"auto, (max-width: 312px) 100vw, 312px\" \/>\u00a0\u00a0\u00a0\u00a0\u00a0<\/a><\/p>\n<p>Aquests reptes que us anem proposant s\u00f3n una veritable finestra al m\u00f3n i desitgem tenir sempre la ment oberta.<\/p>\n<p>Aqu\u00ed teniu un petit recull del retorn de les propostes que us hem fet des de l\u2019escola, en format fotografia i v\u00eddeos. Ja sabeu que s\u00f3n propostes obertes i inclusives, que podeu realitzar de forma lliure i volunt\u00e0ria.<\/p>\n<p>Cliqueu al dibuixet de cada repte, per veure totes les aportacions.<\/p>\n<p style=\"text-align: left\">La capsa de \u201cLa meva primavera\u201d, en la qual s\u2019hi poden guardar escrits, dibuixos, relacionats amb les propostes de Comunicaci\u00f3\u00a0 o iniciatives personals.<\/p>\n<p style=\"text-align: center\">\u00a0 <a href=\"https:\/\/drive.google.com\/drive\/folders\/1g9LFxpyQlHVz3mZVLaHp-hXwjtyREzXC?usp=sharing\"><img loading=\"lazy\" decoding=\"async\" class=\"alignnone wp-image-6668\" src=\"https:\/\/agora.xtec.cat\/esc-teresabergada\/wp-content\/uploads\/usu1533\/2020\/04\/caixa_primavera-1024x632.jpg\" alt=\"\" width=\"141\" height=\"86\" srcset=\"https:\/\/agora.xtec.cat\/esc-teresabergada\/wp-content\/uploads\/usu1533\/2020\/04\/caixa_primavera-1024x632.jpg 1024w, https:\/\/agora.xtec.cat\/esc-teresabergada\/wp-content\/uploads\/usu1533\/2020\/04\/caixa_primavera-300x185.jpg 300w, https:\/\/agora.xtec.cat\/esc-teresabergada\/wp-content\/uploads\/usu1533\/2020\/04\/caixa_primavera-768x474.jpg 768w\" sizes=\"auto, (max-width: 141px) 100vw, 141px\" \/><\/a><\/p>\n<p>L\u2019experiment amb llavors de llegums o d\u2019una altra planta; una experi\u00e8ncia de paci\u00e8ncia, observaci\u00f3 i documentaci\u00f3<\/p>\n<p><a href=\"https:\/\/drive.google.com\/drive\/folders\/1uzeK32wjVGqMaQIcJ5QtjX66BbBNCD4X?usp=sharing\"><img loading=\"lazy\" decoding=\"async\" class=\"alignnone wp-image-6669 aligncenter\" src=\"https:\/\/agora.xtec.cat\/esc-teresabergada\/wp-content\/uploads\/usu1533\/2020\/04\/FAVES.jpg\" alt=\"\" width=\"106\" height=\"96\" \/><\/a><\/p>\n<p>Repte gastron\u00f2mic, en el quan s\u2019hi pot escriure, calcular, comptar, dibuixar i, per descomptat, cuinar i tastar.<\/p>\n<p><a href=\"https:\/\/drive.google.com\/drive\/folders\/1T5zTLDNaw7NUPVySuxv8J2icnHE2-ji3?usp=sharing\"><img loading=\"lazy\" decoding=\"async\" class=\"wp-image-6670 aligncenter\" src=\"https:\/\/agora.xtec.cat\/esc-teresabergada\/wp-content\/uploads\/usu1533\/2020\/04\/pa-de-pessic.jpg\" alt=\"\" width=\"143\" height=\"81\" srcset=\"https:\/\/agora.xtec.cat\/esc-teresabergada\/wp-content\/uploads\/usu1533\/2020\/04\/pa-de-pessic.jpg 446w, https:\/\/agora.xtec.cat\/esc-teresabergada\/wp-content\/uploads\/usu1533\/2020\/04\/pa-de-pessic-300x171.jpg 300w\" sizes=\"auto, (max-width: 143px) 100vw, 143px\" \/><\/a><\/p>\n<p>El repte psicomotriu ha estat for\u00e7a engrescador. El moviment i el cos, dif\u00edcil de separar, ens proporciona moments de sensacions internes. \u00c9s moment de consci\u00e8ncia corporal.<\/p>\n<p><a href=\"https:\/\/drive.google.com\/drive\/folders\/1OQ3EeqeduSX-JsQfWhs_R2euabSljmSU?usp=sharing\"><img loading=\"lazy\" decoding=\"async\" class=\"alignnone wp-image-6671 aligncenter\" src=\"https:\/\/agora.xtec.cat\/esc-teresabergada\/wp-content\/uploads\/usu1533\/2020\/04\/salt.jpg\" alt=\"\" width=\"275\" height=\"73\" srcset=\"https:\/\/agora.xtec.cat\/esc-teresabergada\/wp-content\/uploads\/usu1533\/2020\/04\/salt.jpg 858w, https:\/\/agora.xtec.cat\/esc-teresabergada\/wp-content\/uploads\/usu1533\/2020\/04\/salt-300x80.jpg 300w, https:\/\/agora.xtec.cat\/esc-teresabergada\/wp-content\/uploads\/usu1533\/2020\/04\/salt-768x205.jpg 768w\" sizes=\"auto, (max-width: 275px) 100vw, 275px\" \/><\/a><\/p>\n<p>Cors i estrelles, ha estat el darrer repte comunicatiu i amb implicaci\u00f3 reflexiva. Buscar la part positiva que ens ha aportat l&#8217;experi\u00e8ncia de confinament i qu\u00e8 trobem a faltar i desitgem amb tot el nostre cor.<\/p>\n<p style=\"text-align: center\"><a href=\"https:\/\/drive.google.com\/drive\/folders\/1qPe0G7zjEC3cqYF0nnD_x8rOxX8LnGOO?usp=sharing\"> <img loading=\"lazy\" decoding=\"async\" class=\"alignnone wp-image-6672\" src=\"https:\/\/agora.xtec.cat\/esc-teresabergada\/wp-content\/uploads\/usu1533\/2020\/04\/corestrella.jpg\" alt=\"\" width=\"167\" height=\"111\" srcset=\"https:\/\/agora.xtec.cat\/esc-teresabergada\/wp-content\/uploads\/usu1533\/2020\/04\/corestrella.jpg 512w, https:\/\/agora.xtec.cat\/esc-teresabergada\/wp-content\/uploads\/usu1533\/2020\/04\/corestrella-300x200.jpg 300w\" sizes=\"auto, (max-width: 167px) 100vw, 167px\" \/><\/a><\/p>\n<p>Esperem que passeu una bona estona remirant les fotografies i videos de moments viscuts en confinament, que ajuden a obrir aquesta finestra al m\u00f3n.<\/p>\n<p>&nbsp;<\/p>\n","protected":false},"excerpt":{"rendered":"<p><a href=\"https:\/\/agora.xtec.cat\/esc-teresabergada\/wp-content\/uploads\/usu1533\/2020\/04\/escolafinestra1.jpg\"> \u00a0\u00a0\u00a0\u00a0\u00a0<\/a><br \/>\nAquests reptes que us anem proposant s\u00f3n una veritable finestra al m\u00f3n i desitgem tenir sempre la ment oberta.<br \/>\nAqu\u00ed teniu un petit recull del retorn de les propostes que us hem fet des de l\u2019escola, en format fotografia i v\u00eddeos. Ja sabeu que&hellip;  <a href=\"https:\/\/agora.xtec.cat\/esc-teresabergada\/general\/els-reptes-una-finestra-al-mon\/\" title=\"Read ELS REPTES, UNA FINESTRA AL M\u00d3N.\">Llegeix m\u00e9s\u00bb<\/a><\/p>\n","protected":false},"author":12,"featured_media":6667,"comment_status":"open","ping_status":"closed","sticky":false,"template":"","format":"standard","meta":{"_bbp_topic_count":0,"_bbp_reply_count":0,"_bbp_total_topic_count":0,"_bbp_total_reply_count":0,"_bbp_voice_count":0,"_bbp_anonymous_reply_count":0,"_bbp_topic_count_hidden":0,"_bbp_reply_count_hidden":0,"_bbp_forum_subforum_count":0,"footnotes":""},"categories":[348,1,236,251,2],"tags":[121,485],"class_list":["post-6666","post","type-post","status-publish","format-standard","has-post-thumbnail","hentry","category-1r","category-general","category-i4","category-i5","category-infantil","tag-educacio-infantil","tag-reptes"],"post_mailing_queue_ids":[],"_links":{"self":[{"href":"https:\/\/agora.xtec.cat\/esc-teresabergada\/wp-json\/wp\/v2\/posts\/6666","targetHints":{"allow":["GET"]}}],"collection":[{"href":"https:\/\/agora.xtec.cat\/esc-teresabergada\/wp-json\/wp\/v2\/posts"}],"about":[{"href":"https:\/\/agora.xtec.cat\/esc-teresabergada\/wp-json\/wp\/v2\/types\/post"}],"author":[{"embeddable":true,"href":"https:\/\/agora.xtec.cat\/esc-teresabergada\/wp-json\/wp\/v2\/users\/12"}],"replies":[{"embeddable":true,"href":"https:\/\/agora.xtec.cat\/esc-teresabergada\/wp-json\/wp\/v2\/comments?post=6666"}],"version-history":[{"count":3,"href":"https:\/\/agora.xtec.cat\/esc-teresabergada\/wp-json\/wp\/v2\/posts\/6666\/revisions"}],"predecessor-version":[{"id":6677,"href":"https:\/\/agora.xtec.cat\/esc-teresabergada\/wp-json\/wp\/v2\/posts\/6666\/revisions\/6677"}],"wp:featuredmedia":[{"embeddable":true,"href":"https:\/\/agora.xtec.cat\/esc-teresabergada\/wp-json\/wp\/v2\/media\/6667"}],"wp:attachment":[{"href":"https:\/\/agora.xtec.cat\/esc-teresabergada\/wp-json\/wp\/v2\/media?parent=6666"}],"wp:term":[{"taxonomy":"category","embeddable":true,"href":"https:\/\/agora.xtec.cat\/esc-teresabergada\/wp-json\/wp\/v2\/categories?post=6666"},{"taxonomy":"post_tag","embeddable":true,"href":"https:\/\/agora.xtec.cat\/esc-teresabergada\/wp-json\/wp\/v2\/tags?post=6666"}],"curies":[{"name":"wp","href":"https:\/\/api.w.org\/{rel}","templated":true}]}}