{"id":6651,"date":"2020-04-26T23:50:25","date_gmt":"2020-04-26T21:50:25","guid":{"rendered":"http:\/\/agora.xtec.cat\/esc-teresabergada\/?p=6651"},"modified":"2020-04-27T10:41:19","modified_gmt":"2020-04-27T08:41:19","slug":"un-sant-jordi-diferent","status":"publish","type":"post","link":"https:\/\/agora.xtec.cat\/esc-teresabergada\/general\/un-sant-jordi-diferent\/","title":{"rendered":"UN SANT JORDI DIFERENT"},"content":{"rendered":"<p>Aquest any no hem pogut sortir al carrer per Sant Jordi, per\u00f2 hem intentat no perdre l&#8217;esperit de la festa. Hem inventat contes fant\u00e0stics a partir de les t\u00e8cniques de Gianni Rodari, hem fet les nostres pr\u00f2pies roses i entre tots hem recreat la llegenda de Sant Jordi. No ha faltat la creativitat!<\/p>\n<p>Aqu\u00ed us deixem algunes de les roses que hem fet nosaltres amb material reciclat de casa. N&#8217;hi ha de ben originals!!<\/p>\n<p><span style=\"float: none;background-color: #ffffff;color: #222222;cursor: text;direction: ltr;font-family: 'Helvetica Neue','Helvetica',Helvetica,Arial,sans-serif;font-size: 16px;font-style: normal;font-variant: normal;font-weight: 400;letter-spacing: normal;text-align: left;text-decoration: none;text-indent: 0px;text-transform: none\">(<\/span><strong>Cliqueu<\/strong><span style=\"float: none;background-color: #ffffff;color: #222222;cursor: text;direction: ltr;font-family: 'Helvetica Neue','Helvetica',Helvetica,Arial,sans-serif;font-size: 16px;font-style: normal;font-variant: normal;font-weight: 400;letter-spacing: normal;text-align: left;text-decoration: none;text-indent: 0px;text-transform: none\"> a sobre de les imatges per a veure les altres)<\/span><\/p>\n<p><a href=\"https:\/\/photos.app.goo.gl\/yvdsRe2uupQzb3qp8\"><img loading=\"lazy\" decoding=\"async\" class=\"alignnone wp-image-6661\" src=\"https:\/\/agora.xtec.cat\/esc-teresabergada\/wp-content\/uploads\/usu1533\/2020\/04\/IMG_20200421_170924-1-768x1024.jpg\" alt=\"\" width=\"376\" height=\"502\" srcset=\"https:\/\/agora.xtec.cat\/esc-teresabergada\/wp-content\/uploads\/usu1533\/2020\/04\/IMG_20200421_170924-1-768x1024.jpg 768w, https:\/\/agora.xtec.cat\/esc-teresabergada\/wp-content\/uploads\/usu1533\/2020\/04\/IMG_20200421_170924-1-225x300.jpg 225w\" sizes=\"auto, (max-width: 376px) 100vw, 376px\" \/><\/a><\/p>\n<p>&nbsp;<\/p>\n<p>Tamb\u00e9 us compartim algunes composicions que v\u00e0rem fer sobre la primavera.<\/p>\n<p><a href=\"https:\/\/photos.app.goo.gl\/5DiNjFjRJzYY6tHY9\"><img loading=\"lazy\" decoding=\"async\" class=\"alignnone wp-image-6653\" src=\"https:\/\/agora.xtec.cat\/esc-teresabergada\/wp-content\/uploads\/usu1533\/2020\/04\/flor-3-768x1024.jpg\" alt=\"\" width=\"381\" height=\"508\" srcset=\"https:\/\/agora.xtec.cat\/esc-teresabergada\/wp-content\/uploads\/usu1533\/2020\/04\/flor-3-768x1024.jpg 768w, https:\/\/agora.xtec.cat\/esc-teresabergada\/wp-content\/uploads\/usu1533\/2020\/04\/flor-3-225x300.jpg 225w\" sizes=\"auto, (max-width: 381px) 100vw, 381px\" \/><\/a><\/p>\n<p>&nbsp;<\/p>\n","protected":false},"excerpt":{"rendered":"<p>Aquest any no hem pogut sortir al carrer per Sant Jordi, per\u00f2 hem intentat no perdre l&#8217;esperit de la festa. Hem inventat contes fant\u00e0stics a partir de les t\u00e8cniques de Gianni Rodari, hem fet les nostres pr\u00f2pies roses i entre tots hem recreat la llegenda&hellip;  <a href=\"https:\/\/agora.xtec.cat\/esc-teresabergada\/general\/un-sant-jordi-diferent\/\" title=\"Read UN SANT JORDI DIFERENT\">Llegeix m\u00e9s\u00bb<\/a><\/p>\n","protected":false},"author":1,"featured_media":6654,"comment_status":"open","ping_status":"closed","sticky":false,"template":"","format":"standard","meta":{"_bbp_topic_count":0,"_bbp_reply_count":0,"_bbp_total_topic_count":0,"_bbp_total_reply_count":0,"_bbp_voice_count":0,"_bbp_anonymous_reply_count":0,"_bbp_topic_count_hidden":0,"_bbp_reply_count_hidden":0,"_bbp_forum_subforum_count":0,"footnotes":""},"categories":[1],"tags":[],"class_list":["post-6651","post","type-post","status-publish","format-standard","has-post-thumbnail","hentry","category-general"],"post_mailing_queue_ids":[],"_links":{"self":[{"href":"https:\/\/agora.xtec.cat\/esc-teresabergada\/wp-json\/wp\/v2\/posts\/6651","targetHints":{"allow":["GET"]}}],"collection":[{"href":"https:\/\/agora.xtec.cat\/esc-teresabergada\/wp-json\/wp\/v2\/posts"}],"about":[{"href":"https:\/\/agora.xtec.cat\/esc-teresabergada\/wp-json\/wp\/v2\/types\/post"}],"author":[{"embeddable":true,"href":"https:\/\/agora.xtec.cat\/esc-teresabergada\/wp-json\/wp\/v2\/users\/1"}],"replies":[{"embeddable":true,"href":"https:\/\/agora.xtec.cat\/esc-teresabergada\/wp-json\/wp\/v2\/comments?post=6651"}],"version-history":[{"count":3,"href":"https:\/\/agora.xtec.cat\/esc-teresabergada\/wp-json\/wp\/v2\/posts\/6651\/revisions"}],"predecessor-version":[{"id":6663,"href":"https:\/\/agora.xtec.cat\/esc-teresabergada\/wp-json\/wp\/v2\/posts\/6651\/revisions\/6663"}],"wp:featuredmedia":[{"embeddable":true,"href":"https:\/\/agora.xtec.cat\/esc-teresabergada\/wp-json\/wp\/v2\/media\/6654"}],"wp:attachment":[{"href":"https:\/\/agora.xtec.cat\/esc-teresabergada\/wp-json\/wp\/v2\/media?parent=6651"}],"wp:term":[{"taxonomy":"category","embeddable":true,"href":"https:\/\/agora.xtec.cat\/esc-teresabergada\/wp-json\/wp\/v2\/categories?post=6651"},{"taxonomy":"post_tag","embeddable":true,"href":"https:\/\/agora.xtec.cat\/esc-teresabergada\/wp-json\/wp\/v2\/tags?post=6651"}],"curies":[{"name":"wp","href":"https:\/\/api.w.org\/{rel}","templated":true}]}}