{"id":6647,"date":"2020-04-25T09:24:00","date_gmt":"2020-04-25T07:24:00","guid":{"rendered":"http:\/\/agora.xtec.cat\/esc-teresabergada\/?p=6647"},"modified":"2020-04-26T17:28:55","modified_gmt":"2020-04-26T15:28:55","slug":"los-llaminer-ens-explica-com-sortir-al-carrer","status":"publish","type":"post","link":"https:\/\/agora.xtec.cat\/esc-teresabergada\/portada\/los-llaminer-ens-explica-com-sortir-al-carrer\/","title":{"rendered":"L&#8217;\u00d3S LLAMINER ENS EXPLICA COM SORTIR AL CARRER"},"content":{"rendered":"<p>Benvolgudes fam\u00edlies,<\/p>\n<p>A partir d&#8217;aquest diumenge els nens i les nenes ja podran sortir al carrer, i \u00e9s per aquest motiu que us volem compartir aquest conte (en catal\u00e0 i en castell\u00e0), per a que el pugueu explicar als vostres infants.<\/p>\n<p>Aquest material que ha preparat la psic\u00f2loga infantil Carmen Esteban, us podr\u00e0 ajudar a parlar de les emocions dels vostres fills i filles i a la vegada preparar les normes que hauran de seguir durant les sortides.<\/p>\n<ul>\n<li><a href=\"https:\/\/drive.google.com\/file\/d\/1ALOoz6sjrBw3PUlqmFMNtyO8M2WYl8Lq\/view\">L&#8217;\u00d3S LLAMINER<\/a><\/li>\n<li><a href=\"https:\/\/drive.google.com\/file\/d\/1aJh5xb6OfKTaHarPa-oLBLonfszhakCB\/view\">EL OSO GOLOSO<\/a><\/li>\n<\/ul>\n","protected":false},"excerpt":{"rendered":"<p>Benvolgudes fam\u00edlies,<br \/>\nA partir d&#8217;aquest diumenge els nens i les nenes ja podran sortir al carrer, i \u00e9s per aquest motiu que us volem compartir aquest conte (en catal\u00e0 i en castell\u00e0), per a que el pugueu explicar als vostres infants.<br \/>\nAquest material que ha preparat la&hellip;  <a href=\"https:\/\/agora.xtec.cat\/esc-teresabergada\/portada\/los-llaminer-ens-explica-com-sortir-al-carrer\/\" title=\"Read L&#8217;\u00d3S LLAMINER ENS EXPLICA COM SORTIR AL CARRER\">Llegeix m\u00e9s\u00bb<\/a><\/p>\n","protected":false},"author":1,"featured_media":6648,"comment_status":"open","ping_status":"closed","sticky":false,"template":"","format":"standard","meta":{"_bbp_topic_count":0,"_bbp_reply_count":0,"_bbp_total_topic_count":0,"_bbp_total_reply_count":0,"_bbp_voice_count":0,"_bbp_anonymous_reply_count":0,"_bbp_topic_count_hidden":0,"_bbp_reply_count_hidden":0,"_bbp_forum_subforum_count":0,"footnotes":""},"categories":[4],"tags":[469,483,123,484],"class_list":["post-6647","post","type-post","status-publish","format-standard","has-post-thumbnail","hentry","category-portada","tag-conte","tag-desconfinament","tag-sortida","tag-tot-anira-be"],"post_mailing_queue_ids":[],"_links":{"self":[{"href":"https:\/\/agora.xtec.cat\/esc-teresabergada\/wp-json\/wp\/v2\/posts\/6647","targetHints":{"allow":["GET"]}}],"collection":[{"href":"https:\/\/agora.xtec.cat\/esc-teresabergada\/wp-json\/wp\/v2\/posts"}],"about":[{"href":"https:\/\/agora.xtec.cat\/esc-teresabergada\/wp-json\/wp\/v2\/types\/post"}],"author":[{"embeddable":true,"href":"https:\/\/agora.xtec.cat\/esc-teresabergada\/wp-json\/wp\/v2\/users\/1"}],"replies":[{"embeddable":true,"href":"https:\/\/agora.xtec.cat\/esc-teresabergada\/wp-json\/wp\/v2\/comments?post=6647"}],"version-history":[{"count":2,"href":"https:\/\/agora.xtec.cat\/esc-teresabergada\/wp-json\/wp\/v2\/posts\/6647\/revisions"}],"predecessor-version":[{"id":6650,"href":"https:\/\/agora.xtec.cat\/esc-teresabergada\/wp-json\/wp\/v2\/posts\/6647\/revisions\/6650"}],"wp:featuredmedia":[{"embeddable":true,"href":"https:\/\/agora.xtec.cat\/esc-teresabergada\/wp-json\/wp\/v2\/media\/6648"}],"wp:attachment":[{"href":"https:\/\/agora.xtec.cat\/esc-teresabergada\/wp-json\/wp\/v2\/media?parent=6647"}],"wp:term":[{"taxonomy":"category","embeddable":true,"href":"https:\/\/agora.xtec.cat\/esc-teresabergada\/wp-json\/wp\/v2\/categories?post=6647"},{"taxonomy":"post_tag","embeddable":true,"href":"https:\/\/agora.xtec.cat\/esc-teresabergada\/wp-json\/wp\/v2\/tags?post=6647"}],"curies":[{"name":"wp","href":"https:\/\/api.w.org\/{rel}","templated":true}]}}