{"id":6597,"date":"2020-04-23T14:55:03","date_gmt":"2020-04-23T12:55:03","guid":{"rendered":"http:\/\/agora.xtec.cat\/esc-teresabergada\/?p=6597"},"modified":"2020-04-23T15:08:43","modified_gmt":"2020-04-23T13:08:43","slug":"un-sant-jordi-especial","status":"publish","type":"post","link":"https:\/\/agora.xtec.cat\/esc-teresabergada\/general\/un-sant-jordi-especial\/","title":{"rendered":"UN SANT JORDI ESPECIAL"},"content":{"rendered":"<p><a href=\"https:\/\/agora.xtec.cat\/esc-teresabergada\/wp-content\/uploads\/usu1533\/2020\/04\/DEDICAT-A-TOTES-LES-NENES-I-TOTS-ELS-NENS-1.jpg\"><img loading=\"lazy\" decoding=\"async\" class=\"wp-image-6604 aligncenter\" src=\"https:\/\/agora.xtec.cat\/esc-teresabergada\/wp-content\/uploads\/usu1533\/2020\/04\/DEDICAT-A-TOTES-LES-NENES-I-TOTS-ELS-NENS-1-1024x819.jpg\" alt=\"\" width=\"684\" height=\"547\" srcset=\"https:\/\/agora.xtec.cat\/esc-teresabergada\/wp-content\/uploads\/usu1533\/2020\/04\/DEDICAT-A-TOTES-LES-NENES-I-TOTS-ELS-NENS-1-1024x819.jpg 1024w, https:\/\/agora.xtec.cat\/esc-teresabergada\/wp-content\/uploads\/usu1533\/2020\/04\/DEDICAT-A-TOTES-LES-NENES-I-TOTS-ELS-NENS-1-300x240.jpg 300w, https:\/\/agora.xtec.cat\/esc-teresabergada\/wp-content\/uploads\/usu1533\/2020\/04\/DEDICAT-A-TOTES-LES-NENES-I-TOTS-ELS-NENS-1-768x614.jpg 768w, https:\/\/agora.xtec.cat\/esc-teresabergada\/wp-content\/uploads\/usu1533\/2020\/04\/DEDICAT-A-TOTES-LES-NENES-I-TOTS-ELS-NENS-1.jpg 2000w\" sizes=\"auto, (max-width: 684px) 100vw, 684px\" \/><\/a><\/p>\n<p>Estimades fam\u00edlies, sabem que esteu fent molt\u00edssimes activitats a casa i, en aquesta data tan important, n&#8217;hem de fer ress\u00f2. Us hav\u00edem proposat de fer les vostres particulars recomanacions de llibres per tal que tothom s&#8217;engresqu\u00e9s a la lectura. Aqu\u00ed en teniu el resultat del recull de les vostres idees i sugger\u00e8ncies. Qu\u00e8 passeu una bona Diada de Sant Jordi!<\/p>\n<p>Cliqueu al logo de la nostra escola per veure el video de fotografies, dibuixos i escrits.<\/p>\n<p><a href=\"https:\/\/drive.google.com\/file\/d\/17geYFjOFoCukx_pPe2h8Z9yKahoxxwrB\/view?usp=sharing\"><img loading=\"lazy\" decoding=\"async\" class=\"wp-image-6601 aligncenter\" src=\"https:\/\/agora.xtec.cat\/esc-teresabergada\/wp-content\/uploads\/usu1533\/2020\/04\/LOGO-ESCOLA-ALGUAIRE-Teresa-Bergad\u00e0-molt-gran--1024x603.jpg\" alt=\"\" width=\"256\" height=\"151\" srcset=\"https:\/\/agora.xtec.cat\/esc-teresabergada\/wp-content\/uploads\/usu1533\/2020\/04\/LOGO-ESCOLA-ALGUAIRE-Teresa-Bergad\u00e0-molt-gran--1024x603.jpg 1024w, https:\/\/agora.xtec.cat\/esc-teresabergada\/wp-content\/uploads\/usu1533\/2020\/04\/LOGO-ESCOLA-ALGUAIRE-Teresa-Bergad\u00e0-molt-gran--300x177.jpg 300w, https:\/\/agora.xtec.cat\/esc-teresabergada\/wp-content\/uploads\/usu1533\/2020\/04\/LOGO-ESCOLA-ALGUAIRE-Teresa-Bergad\u00e0-molt-gran--768x452.jpg 768w\" sizes=\"auto, (max-width: 256px) 100vw, 256px\" \/><\/a><\/p>\n<p>Cliqueu a la foto per veure els videos i d&#8217;altres recomanacions de contes.<\/p>\n<p><a href=\"https:\/\/drive.google.com\/drive\/folders\/1up2TTyyBwWvJbel3Bnm9LOjOYIYo0Ei4?usp=sharing\"><img loading=\"lazy\" decoding=\"async\" class=\"wp-image-6599 aligncenter\" src=\"https:\/\/agora.xtec.cat\/esc-teresabergada\/wp-content\/uploads\/usu1533\/2020\/04\/LLIBRES-1024x526.jpg\" alt=\"\" width=\"335\" height=\"172\" srcset=\"https:\/\/agora.xtec.cat\/esc-teresabergada\/wp-content\/uploads\/usu1533\/2020\/04\/LLIBRES-1024x526.jpg 1024w, https:\/\/agora.xtec.cat\/esc-teresabergada\/wp-content\/uploads\/usu1533\/2020\/04\/LLIBRES-300x154.jpg 300w, https:\/\/agora.xtec.cat\/esc-teresabergada\/wp-content\/uploads\/usu1533\/2020\/04\/LLIBRES-768x395.jpg 768w, https:\/\/agora.xtec.cat\/esc-teresabergada\/wp-content\/uploads\/usu1533\/2020\/04\/LLIBRES.jpg 1578w\" sizes=\"auto, (max-width: 335px) 100vw, 335px\" \/><\/a><\/p>\n<p>Cliqueu a la foto per veure diverses activitats pl\u00e0stiques que ens heu fet arribar.<\/p>\n<p><a href=\"https:\/\/drive.google.com\/drive\/folders\/1WM9tzLp95LW62L50H9n64ZjkoIgKpvxt?usp=sharing\"><img loading=\"lazy\" decoding=\"async\" class=\"wp-image-6598 aligncenter\" src=\"https:\/\/agora.xtec.cat\/esc-teresabergada\/wp-content\/uploads\/usu1533\/2020\/04\/Didactica_Plastica_Infantil-1024x698.jpg\" alt=\"\" width=\"219\" height=\"149\" srcset=\"https:\/\/agora.xtec.cat\/esc-teresabergada\/wp-content\/uploads\/usu1533\/2020\/04\/Didactica_Plastica_Infantil-1024x698.jpg 1024w, https:\/\/agora.xtec.cat\/esc-teresabergada\/wp-content\/uploads\/usu1533\/2020\/04\/Didactica_Plastica_Infantil-300x205.jpg 300w, https:\/\/agora.xtec.cat\/esc-teresabergada\/wp-content\/uploads\/usu1533\/2020\/04\/Didactica_Plastica_Infantil-768x524.jpg 768w\" sizes=\"auto, (max-width: 219px) 100vw, 219px\" \/><\/a><\/p>\n<p>ESPEREM QUE US HAGI AGRADAT MOOOOOLT.<\/p>\n","protected":false},"excerpt":{"rendered":"<p><a href=\"https:\/\/agora.xtec.cat\/esc-teresabergada\/wp-content\/uploads\/usu1533\/2020\/04\/DEDICAT-A-TOTES-LES-NENES-I-TOTS-ELS-NENS-1.jpg\"><\/a><br \/>\nEstimades fam\u00edlies, sabem que esteu fent molt\u00edssimes activitats a casa i, en aquesta data tan important, n&#8217;hem de fer ress\u00f2. Us hav\u00edem proposat de fer les vostres particulars recomanacions de llibres per tal que tothom s&#8217;engresqu\u00e9s a la lectura. Aqu\u00ed en teniu el resultat&hellip;  <a href=\"https:\/\/agora.xtec.cat\/esc-teresabergada\/general\/un-sant-jordi-especial\/\" title=\"Read UN SANT JORDI ESPECIAL\">Llegeix m\u00e9s\u00bb<\/a><\/p>\n","protected":false},"author":12,"featured_media":6604,"comment_status":"open","ping_status":"closed","sticky":false,"template":"","format":"standard","meta":{"_bbp_topic_count":0,"_bbp_reply_count":0,"_bbp_total_topic_count":0,"_bbp_total_reply_count":0,"_bbp_voice_count":0,"_bbp_anonymous_reply_count":0,"_bbp_topic_count_hidden":0,"_bbp_reply_count_hidden":0,"_bbp_forum_subforum_count":0,"footnotes":""},"categories":[1,2],"tags":[190],"class_list":["post-6597","post","type-post","status-publish","format-standard","has-post-thumbnail","hentry","category-general","category-infantil","tag-sant-jordi"],"post_mailing_queue_ids":[],"_links":{"self":[{"href":"https:\/\/agora.xtec.cat\/esc-teresabergada\/wp-json\/wp\/v2\/posts\/6597","targetHints":{"allow":["GET"]}}],"collection":[{"href":"https:\/\/agora.xtec.cat\/esc-teresabergada\/wp-json\/wp\/v2\/posts"}],"about":[{"href":"https:\/\/agora.xtec.cat\/esc-teresabergada\/wp-json\/wp\/v2\/types\/post"}],"author":[{"embeddable":true,"href":"https:\/\/agora.xtec.cat\/esc-teresabergada\/wp-json\/wp\/v2\/users\/12"}],"replies":[{"embeddable":true,"href":"https:\/\/agora.xtec.cat\/esc-teresabergada\/wp-json\/wp\/v2\/comments?post=6597"}],"version-history":[{"count":3,"href":"https:\/\/agora.xtec.cat\/esc-teresabergada\/wp-json\/wp\/v2\/posts\/6597\/revisions"}],"predecessor-version":[{"id":6608,"href":"https:\/\/agora.xtec.cat\/esc-teresabergada\/wp-json\/wp\/v2\/posts\/6597\/revisions\/6608"}],"wp:featuredmedia":[{"embeddable":true,"href":"https:\/\/agora.xtec.cat\/esc-teresabergada\/wp-json\/wp\/v2\/media\/6604"}],"wp:attachment":[{"href":"https:\/\/agora.xtec.cat\/esc-teresabergada\/wp-json\/wp\/v2\/media?parent=6597"}],"wp:term":[{"taxonomy":"category","embeddable":true,"href":"https:\/\/agora.xtec.cat\/esc-teresabergada\/wp-json\/wp\/v2\/categories?post=6597"},{"taxonomy":"post_tag","embeddable":true,"href":"https:\/\/agora.xtec.cat\/esc-teresabergada\/wp-json\/wp\/v2\/tags?post=6597"}],"curies":[{"name":"wp","href":"https:\/\/api.w.org\/{rel}","templated":true}]}}