{"id":656,"date":"2017-01-26T12:37:34","date_gmt":"2017-01-26T11:37:34","guid":{"rendered":"http:\/\/agora.xtec.cat\/esc-teresabergada\/?p=656"},"modified":"2017-01-26T12:39:18","modified_gmt":"2017-01-26T11:39:18","slug":"dia-de-la-pau","status":"publish","type":"post","link":"https:\/\/agora.xtec.cat\/esc-teresabergada\/musica\/dia-de-la-pau\/","title":{"rendered":"Dia de la Pau"},"content":{"rendered":"<p>L\u2019any 1981, l\u2019Assemblea General de les Nacions Unides va declarar el 21 de setembre com a Dia Internacional de la Pau, una jornada destinada a commemorar i enfortir els ideals de pau.[1]<\/p>\n<p>L&#8217;Assemblea ha decretat que aquest dia es dediqui a refor\u00e7ar els ideals de la pau en totes les nacions i pobles de m\u00f3n. El Dia Internacional de la Pau es va establir el 1981 per la resoluci\u00f3 36\/67 de l&#8217;Assemblea General de Nacions Unides, i es va commemorar per primer cop el setembre de 1982.<\/p>\n<p>L&#8217;any 2001, es va aprovar per unanimitat la resoluci\u00f3 55\/282, que va fixar el 21 de setembre com un dia d&#8217;alto al foc i de no-viol\u00e8ncia en l&#8217;\u00e0mbit mundial.<\/p>\n<p>L&#8217;ONU convida a totes les nacions i pobles que compleixin amb una aturada de les hostilitats durant tot aquest dia, i a que tamb\u00e9 ho celebrin mitjan\u00e7ant l&#8217;educaci\u00f3 i sensibilitzaci\u00f3 del p\u00fablic sobre tots els temes relacionats amb la pau.<\/p>\n<p><iframe loading=\"lazy\" width=\"560\" height=\"315\" src=\"https:\/\/www.youtube.com\/embed\/VV5oVYVGfNc\" frameborder=\"0\" allowfullscreen><\/iframe><\/p>\n","protected":false},"excerpt":{"rendered":"<p>L\u2019any 1981, l\u2019Assemblea General de les Nacions Unides va declarar el 21 de setembre com a Dia Internacional de la Pau, una jornada destinada a commemorar i enfortir els ideals de pau.[1]<br \/>\nL&#8217;Assemblea ha decretat que aquest dia es dediqui a refor\u00e7ar els ideals de la&hellip;  <a href=\"https:\/\/agora.xtec.cat\/esc-teresabergada\/musica\/dia-de-la-pau\/\" title=\"Read Dia de la Pau\">Llegeix m\u00e9s\u00bb<\/a><\/p>\n","protected":false},"author":1,"featured_media":658,"comment_status":"open","ping_status":"open","sticky":false,"template":"","format":"standard","meta":{"_bbp_topic_count":0,"_bbp_reply_count":0,"_bbp_total_topic_count":0,"_bbp_total_reply_count":0,"_bbp_voice_count":0,"_bbp_anonymous_reply_count":0,"_bbp_topic_count_hidden":0,"_bbp_reply_count_hidden":0,"_bbp_forum_subforum_count":0,"footnotes":""},"categories":[104],"tags":[100,110,111,106],"class_list":["post-656","post","type-post","status-publish","format-standard","has-post-thumbnail","hentry","category-musica","tag-canco","tag-dia-de-la-pau","tag-pau","tag-video"],"post_mailing_queue_ids":[],"_links":{"self":[{"href":"https:\/\/agora.xtec.cat\/esc-teresabergada\/wp-json\/wp\/v2\/posts\/656","targetHints":{"allow":["GET"]}}],"collection":[{"href":"https:\/\/agora.xtec.cat\/esc-teresabergada\/wp-json\/wp\/v2\/posts"}],"about":[{"href":"https:\/\/agora.xtec.cat\/esc-teresabergada\/wp-json\/wp\/v2\/types\/post"}],"author":[{"embeddable":true,"href":"https:\/\/agora.xtec.cat\/esc-teresabergada\/wp-json\/wp\/v2\/users\/1"}],"replies":[{"embeddable":true,"href":"https:\/\/agora.xtec.cat\/esc-teresabergada\/wp-json\/wp\/v2\/comments?post=656"}],"version-history":[{"count":1,"href":"https:\/\/agora.xtec.cat\/esc-teresabergada\/wp-json\/wp\/v2\/posts\/656\/revisions"}],"predecessor-version":[{"id":659,"href":"https:\/\/agora.xtec.cat\/esc-teresabergada\/wp-json\/wp\/v2\/posts\/656\/revisions\/659"}],"wp:featuredmedia":[{"embeddable":true,"href":"https:\/\/agora.xtec.cat\/esc-teresabergada\/wp-json\/wp\/v2\/media\/658"}],"wp:attachment":[{"href":"https:\/\/agora.xtec.cat\/esc-teresabergada\/wp-json\/wp\/v2\/media?parent=656"}],"wp:term":[{"taxonomy":"category","embeddable":true,"href":"https:\/\/agora.xtec.cat\/esc-teresabergada\/wp-json\/wp\/v2\/categories?post=656"},{"taxonomy":"post_tag","embeddable":true,"href":"https:\/\/agora.xtec.cat\/esc-teresabergada\/wp-json\/wp\/v2\/tags?post=656"}],"curies":[{"name":"wp","href":"https:\/\/api.w.org\/{rel}","templated":true}]}}