{"id":6531,"date":"2020-04-20T17:36:18","date_gmt":"2020-04-20T15:36:18","guid":{"rendered":"http:\/\/agora.xtec.cat\/esc-teresabergada\/?p=6531"},"modified":"2020-04-25T09:42:33","modified_gmt":"2020-04-25T07:42:33","slug":"cicle-mitja-musica-segona-setmana-27-dabril","status":"publish","type":"post","link":"https:\/\/agora.xtec.cat\/esc-teresabergada\/general\/cicle-mitja-musica-segona-setmana-27-dabril\/","title":{"rendered":"CICLE MITJ\u00c0 &#8211; M\u00daSICA  * segona setmana 27 d&#8217;abril"},"content":{"rendered":"<p><strong>1-Aquesta setmana farem una activitat de relaxaci\u00f3;<\/strong><\/p>\n<p>Abans us explicar\u00e9 la hist\u00f2ria d&#8217;aquesta m\u00fasica:<\/p>\n<p>Tot ve d\u2019una marca de gels de bany que volia promocionar una nova l\u00ednia de productes spa de bany relaxants. La falta de pressupost per fer un anunci de televisi\u00f3 va desencadenar en el que avui es coneix com<b>\u00a0la pe\u00e7a musical m\u00e9s relaxant que s\u2019ha fet mai<\/b>. El v\u00eddeo supera els 50 milions de visualitzacions.<\/p>\n<p>Es tracta de\u00a0<i>Weightless<\/i>, dels productors brit\u00e0nics\u00a0<b>Marconi Union<\/b>. La idea era fer una m\u00fasica que acompany\u00e9s el bany amb els productes\u00a0<b>Radox\u00a0<\/b>\u2013la marca que pagava\u2013, i es van proposar fer una composici\u00f3<b>\u00a0que fos m\u00e9s relaxant fins i tot que un massatge<\/b>. Per aconseguir-ho es van ajudar d\u2019un assaig cient\u00edfic, amb una estructura basada en un batec lent que anava introduint nous sons i freq\u00fc\u00e8ncies. Aix\u00f2 redueix l\u2019activitat cerebral i alenteix tant el cor que indueix el son amb molta facilitat.<\/p>\n<p>Els resultats van indicar que la m\u00fasica en q\u00fcesti\u00f3 redueix l\u2019ansietat en un 65% i alenteix un 35% el ritme card\u00edac, ja que el cor de qui l\u2019escolta es compassa amb els batecs de la pe\u00e7a musical.<\/p>\n<p>Aqui teniu la m\u00fasica per escoltar-la:<\/p>\n<p><iframe loading=\"lazy\" src=\"https:\/\/www.youtube.com\/embed\/UfcAVejslrU\" width=\"560\" height=\"315\" frameborder=\"0\"><\/iframe><\/p>\n<p>Descarregueu \u00a0una\u00a0 mandala i pinteu-la\u00a0 mentres escolteu la m\u00fasica. Quan la tingueu me la podeu enviar i en farem un recull.<\/p>\n<p>musica@escolateresabergada.cat<\/p>\n<p>Si no la podeu descarregar i la voleu dibuixar i pintar o fer un altre dibuix,cap problema.Ens veiem.<\/p>\n<p>Mandales per descarregar:<\/p>\n<p><a href=\"https:\/\/agora.xtec.cat\/esc-teresabergada\/wp-content\/uploads\/usu1533\/2020\/04\/PIANO-MANDALA.pdf\">PIANO MANDALA<\/a><\/p>\n<p><a href=\"https:\/\/agora.xtec.cat\/esc-teresabergada\/wp-content\/uploads\/usu1533\/2020\/04\/MANDALAMUSIC2.pdf\">MANDALAMUSIC2<\/a><\/p>\n<p><a href=\"https:\/\/agora.xtec.cat\/esc-teresabergada\/wp-content\/uploads\/usu1533\/2020\/04\/MANDALA-VIOLI.pdf\">MANDALA VIOLI<\/a><\/p>\n<p><a href=\"https:\/\/agora.xtec.cat\/esc-teresabergada\/wp-content\/uploads\/usu1533\/2020\/04\/MANDALA-VIOLA.pdf\">MANDALA VIOLA<\/a><\/p>\n<p><a href=\"https:\/\/agora.xtec.cat\/esc-teresabergada\/wp-content\/uploads\/usu1533\/2020\/04\/MANDALAMUSIC.pdf\">MANDALAMUSIC<\/a><\/p>\n<p><a href=\"https:\/\/agora.xtec.cat\/esc-teresabergada\/wp-content\/uploads\/usu1533\/2020\/04\/MANDALA-GUITARRA.pdf\">MANDALA GUITARRA<\/a><\/p>\n","protected":false},"excerpt":{"rendered":"<p>1-Aquesta setmana farem una activitat de relaxaci\u00f3;<br \/>\nAbans us explicar\u00e9 la hist\u00f2ria d&#8217;aquesta m\u00fasica:<br \/>\nTot ve d\u2019una marca de gels de bany que volia promocionar una nova l\u00ednia de productes spa de bany relaxants. La falta de pressupost per fer un anunci de televisi\u00f3 va desencadenar en&hellip;  <a href=\"https:\/\/agora.xtec.cat\/esc-teresabergada\/general\/cicle-mitja-musica-segona-setmana-27-dabril\/\" title=\"Read CICLE MITJ\u00c0 &#8211; M\u00daSICA  * segona setmana 27 d&#8217;abril\">Llegeix m\u00e9s\u00bb<\/a><\/p>\n","protected":false},"author":1,"featured_media":0,"comment_status":"open","ping_status":"closed","sticky":false,"template":"","format":"standard","meta":{"_bbp_topic_count":0,"_bbp_reply_count":0,"_bbp_total_topic_count":0,"_bbp_total_reply_count":0,"_bbp_voice_count":0,"_bbp_anonymous_reply_count":0,"_bbp_topic_count_hidden":0,"_bbp_reply_count_hidden":0,"_bbp_forum_subforum_count":0,"footnotes":""},"categories":[1,104],"tags":[448,100,257,56,106],"class_list":["post-6531","post","type-post","status-publish","format-standard","hentry","category-general","category-musica","tag-aficions-compartides","tag-canco","tag-cicle-mijta","tag-musica","tag-video"],"post_mailing_queue_ids":[],"_links":{"self":[{"href":"https:\/\/agora.xtec.cat\/esc-teresabergada\/wp-json\/wp\/v2\/posts\/6531","targetHints":{"allow":["GET"]}}],"collection":[{"href":"https:\/\/agora.xtec.cat\/esc-teresabergada\/wp-json\/wp\/v2\/posts"}],"about":[{"href":"https:\/\/agora.xtec.cat\/esc-teresabergada\/wp-json\/wp\/v2\/types\/post"}],"author":[{"embeddable":true,"href":"https:\/\/agora.xtec.cat\/esc-teresabergada\/wp-json\/wp\/v2\/users\/1"}],"replies":[{"embeddable":true,"href":"https:\/\/agora.xtec.cat\/esc-teresabergada\/wp-json\/wp\/v2\/comments?post=6531"}],"version-history":[{"count":4,"href":"https:\/\/agora.xtec.cat\/esc-teresabergada\/wp-json\/wp\/v2\/posts\/6531\/revisions"}],"predecessor-version":[{"id":6579,"href":"https:\/\/agora.xtec.cat\/esc-teresabergada\/wp-json\/wp\/v2\/posts\/6531\/revisions\/6579"}],"wp:attachment":[{"href":"https:\/\/agora.xtec.cat\/esc-teresabergada\/wp-json\/wp\/v2\/media?parent=6531"}],"wp:term":[{"taxonomy":"category","embeddable":true,"href":"https:\/\/agora.xtec.cat\/esc-teresabergada\/wp-json\/wp\/v2\/categories?post=6531"},{"taxonomy":"post_tag","embeddable":true,"href":"https:\/\/agora.xtec.cat\/esc-teresabergada\/wp-json\/wp\/v2\/tags?post=6531"}],"curies":[{"name":"wp","href":"https:\/\/api.w.org\/{rel}","templated":true}]}}