{"id":6518,"date":"2020-04-20T13:32:44","date_gmt":"2020-04-20T11:32:44","guid":{"rendered":"http:\/\/agora.xtec.cat\/esc-teresabergada\/?p=6518"},"modified":"2020-04-20T13:34:23","modified_gmt":"2020-04-20T11:34:23","slug":"sant-jordi-a-casa","status":"publish","type":"post","link":"https:\/\/agora.xtec.cat\/esc-teresabergada\/blocs-de-primaria\/6e\/sant-jordi-a-casa\/","title":{"rendered":"SANT JORDI A CASA!"},"content":{"rendered":"<p><img loading=\"lazy\" decoding=\"async\" class=\"aligncenter wp-image-6519\" src=\"https:\/\/agora.xtec.cat\/esc-teresabergada\/wp-content\/uploads\/usu1533\/2020\/04\/sant-jordi-3-300x187.jpg\" alt=\"\" width=\"500\" height=\"312\" srcset=\"https:\/\/agora.xtec.cat\/esc-teresabergada\/wp-content\/uploads\/usu1533\/2020\/04\/sant-jordi-3-300x187.jpg 300w, https:\/\/agora.xtec.cat\/esc-teresabergada\/wp-content\/uploads\/usu1533\/2020\/04\/sant-jordi-3-768x479.jpg 768w, https:\/\/agora.xtec.cat\/esc-teresabergada\/wp-content\/uploads\/usu1533\/2020\/04\/sant-jordi-3-1024x639.jpg 1024w, https:\/\/agora.xtec.cat\/esc-teresabergada\/wp-content\/uploads\/usu1533\/2020\/04\/sant-jordi-3.jpg 1559w\" sizes=\"auto, (max-width: 500px) 100vw, 500px\" \/><\/p>\n<p style=\"text-align: justify\">A la web ac<span style=\"color: #ff9900\">t<\/span>ivitum.cat, Portal &#8216;Activitats <span style=\"color: #ff9900\">Educatives<\/span> de Catalunya; han fet penjat un petit\u00a0 recull de manualitats, contes i altres idees per a celebrar Sant Jordi a casa.<\/p>\n<p style=\"text-align: justify\">Pensem que alguns d&#8217;aquests recursos us poden agradar\u00a0 i \u00e9s per aquest motiu que volem compartir-los amb vosaltres. Nom\u00e9s cal que us poseu damunt de cada activitat i us dirigir\u00e0 directament al lloc.<\/p>\n<p>Roses:<\/p>\n<p>&#8211;\u00a0<a href=\"https:\/\/www.youtube.com\/watch?v=6XXBFxIU5jM&amp;feature=youtu.be\">Rosa de Sant Jordi f\u00e0cil de paper amb origami<\/a><br \/>\n&#8211;\u00a0<a href=\"https:\/\/www.youtube.com\/watch?v=4vCx10MgxoE\">Varetes de paper per fer la tija<\/a><br \/>\n&#8211;\u00a0<a href=\"https:\/\/www.youtube.com\/watch?v=aEiyRy9nCTU?v=fJp6fdftLpw&amp;list=PLwcW0Dbr2eFiEsc9RntUPZ0P_L66vcbcb&amp;index=29\">Rosa de Sant Jordi que es mou amb energia solar<\/a><br \/>\n&#8211;\u00a0<a href=\"https:\/\/youtu.be\/08X52pQSBmA?v=fJp6fdftLpw&amp;list=PLwcW0Dbr2eFiEsc9RntUPZ0P_L66vcbcb&amp;index=29\">Un Dino, un Drac i una Rosa amb papirofl\u00e8xia<\/a><br \/>\n&#8211;\u00a0<a href=\"http:\/\/petitsgransmusicsfontfreda.blogspot.com\/2016\/04\/fem-una-rosa-per-sant-jordi.html?fbclid=IwAR12yW4Ze6cWU_bTrBZ4osbzynZoKWMGn29xNa3Y46WC2S9xSarAC0e958g?v=fJp6fdftLpw&amp;list=PLwcW0Dbr2eFiEsc9RntUPZ0P_L66vcbcb&amp;index=29\">Una Rosa de Sant Jordi feta amb goma Eva &#8211; imatges<\/a><br \/>\n&#8211;\u00a0<a href=\"https:\/\/www.youtube.com\/watch?v=Va5WOM63tjk\">Una Rosa de Sant Jordi feta amb goma Eva-video<\/a><br \/>\n&#8211;\u00a0<a href=\"https:\/\/www.youtube.com\/watch?v=XFSYMo73zt4&amp;feature=youtu.be\">Rosa liter\u00e0ria, reciclem llibres trencats<\/a><br \/>\n&#8211;\u00a0<a href=\"https:\/\/www.casabatllo.es\/ca\/novetats\/sant-jordi-2020\/?fbclid=IwAR12yW4Ze6cWU_bTrBZ4osbzynZoKWMGn29xNa3Y46WC2S9xSarAC0e958g?v=fJp6fdftLpw&amp;list=PLwcW0Dbr2eFiEsc9RntUPZ0P_L66vcbcb&amp;index=29\">Proposta de la Casa Batll\u00f3, omplim de roses els balcons<\/a><\/p>\n<p>Llibres:<\/p>\n<p>&#8211;\u00a0<a href=\"https:\/\/www.youmekids.com\/drac-sant-jordi-punt-llibre-papiroflexia\/?fbclid=IwAR1F6qk4dl-Be_QM1pFJNZdtqmFbBmPiG29nzAxWb1-JGOT3iUEL399pjlM?v=fJp6fdftLpw&amp;list=PLwcW0Dbr2eFiEsc9RntUPZ0P_L66vcbcb&amp;index=29\">Punt de llibre de paper en forma de drac per Sant Jordi<\/a><br \/>\n&#8211;\u00a0<a href=\"https:\/\/www.youtube.com\/watch?v=f6UAOV4HWXY?fbclid=IwAR1F6qk4dl-Be_QM1pFJNZdtqmFbBmPiG29nzAxWb1-JGOT3iUEL399pjlM?v=fJp6fdftLpw&amp;list=PLwcW0Dbr2eFiEsc9RntUPZ0P_L66vcbcb&amp;index=29\">Com fer un llibret de Sant Jordi<\/a><br \/>\n&#8211;\u00a0<a href=\"https:\/\/youtu.be\/bhM19nIjZ5w?v=f6UAOV4HWXY?fbclid=IwAR1F6qk4dl-Be_QM1pFJNZdtqmFbBmPiG29nzAxWb1-JGOT3iUEL399pjlM?v=fJp6fdftLpw&amp;list=PLwcW0Dbr2eFiEsc9RntUPZ0P_L66vcbcb&amp;index=29\">Punt de llibre personalitzat<\/a><br \/>\n&#8211;\u00a0<a href=\"https:\/\/www.youtube.com\/watch?v=kOt5-eYEBE0&amp;feature=emb_logo?v=fJp6fdftLpw&amp;list=PLwcW0Dbr2eFiEsc9RntUPZ0P_L66vcbcb&amp;index=29\">Punt de llibre en forma de cor<\/a><br \/>\n&#8211;\u00a0<a href=\"https:\/\/youtu.be\/ueJNkZ0U38Y?v=fJp6fdftLpw&amp;list=PLwcW0Dbr2eFiEsc9RntUPZ0P_L66vcbcb&amp;index=29\">Targeta de Sant Jordi, Scrapbook<\/a><br \/>\n&#8211;\u00a0<a href=\"https:\/\/beteve.cat\/cultura\/lectures-gratuites-public-infantil-confinament\/?v=fJp6fdftLpw&amp;list=PLwcW0Dbr2eFiEsc9RntUPZ0P_L66vcbcb&amp;index=29\">Lectures en l\u00ednia per a petits i joves: revistes, contes, audiollibres&#8230;<\/a><\/p>\n<p>Dracs:<\/p>\n<p>&#8211;\u00a0<a href=\"https:\/\/activitum.cat\/wp-content\/uploads\/2020\/04\/Retallable-St-Jordi-color.pdf\">Descarregable per retallar les figuretes de Sant Jordi<\/a><br \/>\n&#8211;\u00a0<a href=\"https:\/\/www.sortirambnens.com\/manualitats-infantils\/manualitats-en-dates-assenyalades\/manualitats-de-sant-jordi\/fem-un-drac\/?fbclid=IwAR1F6qk4dl-Be_QM1pFJNZdtqmFbBmPiG29nzAxWb1-JGOT3iUEL399pjlM?v=fJp6fdftLpw&amp;list=PLwcW0Dbr2eFiEsc9RntUPZ0P_L66vcbcb&amp;index=29\">Fer un drac amb gots de pl\u00e0stic<\/a><br \/>\n&#8211;\u00a0<a href=\"https:\/\/youtu.be\/86iiVoN_DjM?v=fJp6fdftLpw&amp;list=PLwcW0Dbr2eFiEsc9RntUPZ0P_L66vcbcb&amp;index=29\">Drac de Sant Jordi amb origami<\/a><br \/>\n&#8211;\u00a0<a href=\"https:\/\/youtu.be\/dGs75gPXOzE?v=fJp6fdftLpw&amp;list=PLwcW0Dbr2eFiEsc9RntUPZ0P_L66vcbcb&amp;index=29\">Drac de Sant Jordi de cartolina<\/a><\/p>\n<p>Propostes i jocs educatius:<\/p>\n<p>&#8211;\u00a0<a href=\"https:\/\/blocs.xtec.cat\/implicatspersantjordi\/category\/activitats\/primaria-activitats\/?fbclid=IwAR0hqdxOSxh9L5J5nghIFLEf5sbG8lfiLLvsDzWzcXTYv1NZ6IpMzre6T5Q?fbclid=IwAR1cwGtUApC8Doc2xgulnwO3nFttH9Gcmy3TX0to3sr8eJct2t_g_yCdHKY?v=fJp6fdftLpw&amp;list=PLwcW0Dbr2eFiEsc9RntUPZ0P_L66vcbcb&amp;index=29\">Participa en el disseny d&#8217;un tauler digital ple de roses, cavallers i dracs<\/a><br \/>\n&#8211;\u00a0<a href=\"http:\/\/www.edu365.cat\/celebracions\/santjordi\/index.html\">Propostes i jocs educatius de l&#8217;EDU365 per St. Jordi<\/a><br \/>\n&#8211;\u00a0<a href=\"https:\/\/quarcreixentalauladinfantil.wordpress.com\/2017\/03\/25\/preparant-sant-jordi\/?fbclid=IwAR3vnCGP2ajD-aMD5vAaYaJkS79e80nsXNws5li_o62owTMYtRFJF3Ot6Z8?fbclid=IwAR1cwGtUApC8Doc2xgulnwO3nFttH9Gcmy3TX0to3sr8eJct2t_g_yCdHKY?v=fJp6fdftLpw&amp;list=PLwcW0Dbr2eFiEsc9RntUPZ0P_L66vcbcb&amp;index=29\">Recull d&#8217;idees des d&#8217;infantil per treballar la tradici\u00f3 de Sant Jordi<\/a><\/p>\n<p>Concursos de relats i contes:<\/p>\n<p>&#8211;\u00a0<a href=\"https:\/\/voluntaris.cat\/participa-al-concurs-de-relats-curts-de-la-fundacio-avan\/?v=fJp6fdftLpw&amp;list=PLwcW0Dbr2eFiEsc9RntUPZ0P_L66vcbcb&amp;index=29\">Concurs de Relats curts de la Fundaci\u00f3 Avan<\/a><br \/>\n&#8211;\u00a0<a href=\"http:\/\/relatsencatala.cat\/concurs\/x-concurs-arc-de-microrelats-aniversari\/1019095?v=fJp6fdftLpw&amp;list=PLwcW0Dbr2eFiEsc9RntUPZ0P_L66vcbcb&amp;index=29\">X Concurs ARC de microrelats &#8220;Aniversari&#8221;<\/a><br \/>\n&#8211;\u00a0<a href=\"https:\/\/www.xirivella.es\/event\/relats-de-confinament-concurs-literari-de-vivencies-termini-de-lliurament-fins-el-4-de-maig\/?v=fJp6fdftLpw&amp;list=PLwcW0Dbr2eFiEsc9RntUPZ0P_L66vcbcb&amp;index=29\">Concurs literari Relats de confinament Ajuntament de Xirivella<\/a><br \/>\n&#8211;\u00a0<a href=\"https:\/\/www.escriptors.cat\/premis-literaris?v=fJp6fdftLpw&amp;list=PLwcW0Dbr2eFiEsc9RntUPZ0P_L66vcbcb&amp;index=29\">Premis literaris Associaci\u00f3 d&#8217;Escriptors Catalans<\/a><br \/>\n&#8211;\u00a0<a href=\"http:\/\/www.alguaire.cat\/actualitat\/noticies\/concurs-de-contes-sant-jordi-confinat?v=fJp6fdftLpw&amp;list=PLwcW0Dbr2eFiEsc9RntUPZ0P_L66vcbcb&amp;index=29\">Concurs de contes &#8220;Sant Jordi confinat&#8221;<\/a><br \/>\n&#8211;\u00a0<a href=\"https:\/\/www.lavanguardia.com\/participacion\/concursos\/20200417\/48563595286\/concurso-microrrelatos-sant-jordi-dia-libro-confinamiento-casa.html?v=fJp6fdftLpw&amp;list=PLwcW0Dbr2eFiEsc9RntUPZ0P_L66vcbcb&amp;index=29\">Concurs de Microrelats de St. Jordi de la Vanguardia<\/a><\/p>\n<p style=\"text-align: justify\">A m\u00e9s tamb\u00e9 hem trobat un petit dossier d&#8217;activitats de Sant Jordi per si alg\u00fa te ganes de fer-lo. Cliqueu al damunt i us portar\u00e0 al lloc.<\/p>\n<p><a href=\"https:\/\/es.calameo.com\/read\/00451156106cad4851ddf\"><img loading=\"lazy\" decoding=\"async\" class=\"aligncenter wp-image-6521\" src=\"https:\/\/agora.xtec.cat\/esc-teresabergada\/wp-content\/uploads\/usu1533\/2020\/04\/descarga-300x75.png\" alt=\"\" width=\"500\" height=\"124\" srcset=\"https:\/\/agora.xtec.cat\/esc-teresabergada\/wp-content\/uploads\/usu1533\/2020\/04\/descarga-300x75.png 300w, https:\/\/agora.xtec.cat\/esc-teresabergada\/wp-content\/uploads\/usu1533\/2020\/04\/descarga.png 451w\" sizes=\"auto, (max-width: 500px) 100vw, 500px\" \/><\/a><\/p>\n","protected":false},"excerpt":{"rendered":"<p>A la web activitum.cat, Portal &#8216;Activitats Educatives de Catalunya; han fet penjat un petit\u00a0 recull de manualitats, contes i altres idees per a celebrar Sant Jordi a casa.<br \/>\nPensem que alguns d&#8217;aquests recursos us poden agradar\u00a0 i \u00e9s per aquest motiu que volem compartir-los amb vosaltres.&hellip;  <a href=\"https:\/\/agora.xtec.cat\/esc-teresabergada\/blocs-de-primaria\/6e\/sant-jordi-a-casa\/\" title=\"Read SANT JORDI A CASA!\">Llegeix m\u00e9s\u00bb<\/a><\/p>\n","protected":false},"author":32,"featured_media":6519,"comment_status":"open","ping_status":"closed","sticky":false,"template":"","format":"standard","meta":{"_bbp_topic_count":0,"_bbp_reply_count":0,"_bbp_total_topic_count":0,"_bbp_total_reply_count":0,"_bbp_voice_count":0,"_bbp_anonymous_reply_count":0,"_bbp_topic_count_hidden":0,"_bbp_reply_count_hidden":0,"_bbp_forum_subforum_count":0,"footnotes":""},"categories":[240],"tags":[466,190],"class_list":["post-6518","post","type-post","status-publish","format-standard","has-post-thumbnail","hentry","category-6e","tag-totanirabe","tag-sant-jordi"],"post_mailing_queue_ids":[],"_links":{"self":[{"href":"https:\/\/agora.xtec.cat\/esc-teresabergada\/wp-json\/wp\/v2\/posts\/6518","targetHints":{"allow":["GET"]}}],"collection":[{"href":"https:\/\/agora.xtec.cat\/esc-teresabergada\/wp-json\/wp\/v2\/posts"}],"about":[{"href":"https:\/\/agora.xtec.cat\/esc-teresabergada\/wp-json\/wp\/v2\/types\/post"}],"author":[{"embeddable":true,"href":"https:\/\/agora.xtec.cat\/esc-teresabergada\/wp-json\/wp\/v2\/users\/32"}],"replies":[{"embeddable":true,"href":"https:\/\/agora.xtec.cat\/esc-teresabergada\/wp-json\/wp\/v2\/comments?post=6518"}],"version-history":[{"count":4,"href":"https:\/\/agora.xtec.cat\/esc-teresabergada\/wp-json\/wp\/v2\/posts\/6518\/revisions"}],"predecessor-version":[{"id":10940,"href":"https:\/\/agora.xtec.cat\/esc-teresabergada\/wp-json\/wp\/v2\/posts\/6518\/revisions\/10940"}],"wp:featuredmedia":[{"embeddable":true,"href":"https:\/\/agora.xtec.cat\/esc-teresabergada\/wp-json\/wp\/v2\/media\/6519"}],"wp:attachment":[{"href":"https:\/\/agora.xtec.cat\/esc-teresabergada\/wp-json\/wp\/v2\/media?parent=6518"}],"wp:term":[{"taxonomy":"category","embeddable":true,"href":"https:\/\/agora.xtec.cat\/esc-teresabergada\/wp-json\/wp\/v2\/categories?post=6518"},{"taxonomy":"post_tag","embeddable":true,"href":"https:\/\/agora.xtec.cat\/esc-teresabergada\/wp-json\/wp\/v2\/tags?post=6518"}],"curies":[{"name":"wp","href":"https:\/\/api.w.org\/{rel}","templated":true}]}}