{"id":6393,"date":"2020-04-12T16:54:44","date_gmt":"2020-04-12T14:54:44","guid":{"rendered":"http:\/\/agora.xtec.cat\/esc-teresabergada\/?p=6393"},"modified":"2020-04-12T16:59:13","modified_gmt":"2020-04-12T14:59:13","slug":"mussol-i-el-coronavirus-un-conte-per-explicar-a-petits-i-grans-la-covid-19","status":"publish","type":"post","link":"https:\/\/agora.xtec.cat\/esc-teresabergada\/general\/mussol-i-el-coronavirus-un-conte-per-explicar-a-petits-i-grans-la-covid-19\/","title":{"rendered":"&#8220;Mussol i el coronavirus&#8221;, un conte per explicar a petits i grans la Covid-19"},"content":{"rendered":"<header class=\"R-itemNotiInfo\">\n<div><\/div>\n<div class=\"entradeta\">Tres investigors de l&#8217;IRTA-CReSA (<span style=\"font-family: inherit;font-size: 1em\">el Centre de Recerca en Sanitat Animal de l&#8217;Institut de Recerca i Tecnologia Agroaliment\u00e0ries). <\/span>han creat, per iniciativa pr\u00f2pia, un conte digital molt interessant per respondre dubtes sobre la pand\u00e8mia.<\/div>\n<div><\/div>\n<div class=\"entradeta\"><span style=\"font-family: inherit;font-size: 1em\">Si cliqueu a la imatge podreu veure el conte.<\/span><\/div>\n<\/header>\n<div><\/div>\n<div><\/div>\n<div><\/div>\n<div><\/div>\n<header class=\"R-itemNotiInfo\"><a href=\"https:\/\/www.youtube.com\/watch?v=tOWS1_0nHGo\"><img decoding=\"async\" style=\"font-family: inherit;font-size: 1em\" src=\"https:\/\/statics.ccma.cat\/multimedia\/png\/9\/9\/1585075417599.png\" alt=\"&quot;Mussol i el coronavirus&quot; \u00e9s una iniciativa de tres investigadors de l'IRTA-CReSA\" \/><\/a><\/p>\n<\/header>\n<div class=\"R-itemNotiCos\">\n<div class=\"F-mediaPrincipal\"><\/div>\n<p>Com podem explicar a infants i grans qu\u00e8 \u00e9s i com s&#8217;encomana el coronavirus responsable de la Covid-19? O per qu\u00e8 cal estar confinats? D&#8217;on vel nom? Cal dur mascareta? El\u00a0<strong>conte il\u00b7lustrat &#8220;Mussol i el coronavirus&#8221;\u00a0<\/strong>dona resposta a aquestes preguntes, de forma senzilla i amb rigor cient\u00edfic.<\/p>\n<p>Es tracta de l&#8217;investigador Enric Vidal, confinat a Barcelona, que s&#8217;ha encarregat de la il\u00b7lustraci\u00f3, amb l&#8217;ajuda de J\u00falia Vergara-Alert, investigadora de coronavirus al mateix organisme, i l&#8217;assessorament de Xavier Abad,\u00a0cap de la Unitat d&#8217;Alta Biocontenci\u00f3 de l&#8217;IRTA-CReSA.<\/p>\n<p>Des d\u00b4aqu\u00ed volem agrair tamb\u00e9 al Carles Rossell el fet d\u00b4haver compartit aquest recurs.<\/p>\n<p>Esperem que us serveixi per saber-ne una mica m\u00e9s !<\/p>\n<p>&nbsp;<\/p>\n<\/div>\n","protected":false},"excerpt":{"rendered":"<p>Tres investigors de l&#8217;IRTA-CReSA (el Centre de Recerca en Sanitat Animal de l&#8217;Institut de Recerca i Tecnologia Agroaliment\u00e0ries). han creat, per iniciativa pr\u00f2pia, un conte digital molt interessant per respondre dubtes sobre la pand\u00e8mia.<\/p>\n<p>Si cliqueu a la imatge podreu veure el conte.<\/p>\n<p><a href=\"https:\/\/www.youtube.com\/watch?v=tOWS1_0nHGo\"><\/a><\/p>\n<p>Com podem explicar&hellip;  <a href=\"https:\/\/agora.xtec.cat\/esc-teresabergada\/general\/mussol-i-el-coronavirus-un-conte-per-explicar-a-petits-i-grans-la-covid-19\/\" title=\"Read &#8220;Mussol i el coronavirus&#8221;, un conte per explicar a petits i grans la Covid-19\">Llegeix m\u00e9s\u00bb<\/a><\/p>\n","protected":false},"author":1,"featured_media":6394,"comment_status":"open","ping_status":"closed","sticky":false,"template":"","format":"standard","meta":{"_bbp_topic_count":0,"_bbp_reply_count":0,"_bbp_total_topic_count":0,"_bbp_total_reply_count":0,"_bbp_voice_count":0,"_bbp_anonymous_reply_count":0,"_bbp_topic_count_hidden":0,"_bbp_reply_count_hidden":0,"_bbp_forum_subforum_count":0,"footnotes":""},"categories":[1,4],"tags":[466],"class_list":["post-6393","post","type-post","status-publish","format-standard","has-post-thumbnail","hentry","category-general","category-portada","tag-totanirabe"],"post_mailing_queue_ids":[],"_links":{"self":[{"href":"https:\/\/agora.xtec.cat\/esc-teresabergada\/wp-json\/wp\/v2\/posts\/6393","targetHints":{"allow":["GET"]}}],"collection":[{"href":"https:\/\/agora.xtec.cat\/esc-teresabergada\/wp-json\/wp\/v2\/posts"}],"about":[{"href":"https:\/\/agora.xtec.cat\/esc-teresabergada\/wp-json\/wp\/v2\/types\/post"}],"author":[{"embeddable":true,"href":"https:\/\/agora.xtec.cat\/esc-teresabergada\/wp-json\/wp\/v2\/users\/1"}],"replies":[{"embeddable":true,"href":"https:\/\/agora.xtec.cat\/esc-teresabergada\/wp-json\/wp\/v2\/comments?post=6393"}],"version-history":[{"count":3,"href":"https:\/\/agora.xtec.cat\/esc-teresabergada\/wp-json\/wp\/v2\/posts\/6393\/revisions"}],"predecessor-version":[{"id":6398,"href":"https:\/\/agora.xtec.cat\/esc-teresabergada\/wp-json\/wp\/v2\/posts\/6393\/revisions\/6398"}],"wp:featuredmedia":[{"embeddable":true,"href":"https:\/\/agora.xtec.cat\/esc-teresabergada\/wp-json\/wp\/v2\/media\/6394"}],"wp:attachment":[{"href":"https:\/\/agora.xtec.cat\/esc-teresabergada\/wp-json\/wp\/v2\/media?parent=6393"}],"wp:term":[{"taxonomy":"category","embeddable":true,"href":"https:\/\/agora.xtec.cat\/esc-teresabergada\/wp-json\/wp\/v2\/categories?post=6393"},{"taxonomy":"post_tag","embeddable":true,"href":"https:\/\/agora.xtec.cat\/esc-teresabergada\/wp-json\/wp\/v2\/tags?post=6393"}],"curies":[{"name":"wp","href":"https:\/\/api.w.org\/{rel}","templated":true}]}}