{"id":6349,"date":"2020-04-09T12:00:04","date_gmt":"2020-04-09T10:00:04","guid":{"rendered":"http:\/\/agora.xtec.cat\/esc-teresabergada\/?p=6349"},"modified":"2020-04-09T12:07:24","modified_gmt":"2020-04-09T10:07:24","slug":"el-conte-den-mino","status":"publish","type":"post","link":"https:\/\/agora.xtec.cat\/esc-teresabergada\/general\/el-conte-den-mino\/","title":{"rendered":"El conte d&#8217;en Min\u00f3&#8230;"},"content":{"rendered":"<p>Ja es veu que el confinament no us ha fet perdre ni una mica de creativitat! El que heu pogut arribar a fer amb un mitj\u00f3!<\/p>\n<p>A partir de la hist\u00f2ria d&#8217;en Min\u00f3, han sorgit algunes titelles s\u00faper divertides, simp\u00e0tiques, presumides, atrevides, fashions&#8230;. en fi, genials!<\/p>\n<div style=\"width: 1920px;\" class=\"wp-video\"><!--[if lt IE 9]><script>document.createElement('video');<\/script><![endif]-->\n<video class=\"wp-video-shortcode\" id=\"video-6349-1\" width=\"1920\" height=\"1080\" preload=\"metadata\" controls=\"controls\"><source type=\"video\/mp4\" src=\"https:\/\/agora.xtec.cat\/esc-teresabergada\/wp-content\/uploads\/usu1533\/2020\/04\/DEL-CONTE-DEN-MIN\u00d3....mp4?_=1\" \/><a href=\"https:\/\/agora.xtec.cat\/esc-teresabergada\/wp-content\/uploads\/usu1533\/2020\/04\/DEL-CONTE-DEN-MIN\u00d3....mp4\">https:\/\/agora.xtec.cat\/esc-teresabergada\/wp-content\/uploads\/usu1533\/2020\/04\/DEL-CONTE-DEN-MIN\u00d3....mp4<\/a><\/video><\/div>\n<p>&nbsp;<\/p>\n<p>Qui vulgui, pot crear la seva titella, i si vol que els companys la vegin, la podeu enviar al correu: asatorra@xtec.cat i anirem actualitzant la p\u00e0gina.<\/p>\n<p>Moltes gr\u00e0cies per la vostra participaci\u00f3.<\/p>\n<p>Continuarem endavant !<\/p>\n<p>&nbsp;<\/p>\n","protected":false},"excerpt":{"rendered":"<p>Ja es veu que el confinament no us ha fet perdre ni una mica de creativitat! El que heu pogut arribar a fer amb un mitj\u00f3!<br \/>\nA partir de la hist\u00f2ria d&#8217;en Min\u00f3, han sorgit algunes titelles s\u00faper divertides, simp\u00e0tiques, presumides, atrevides, fashions&#8230;. en fi, genials!<br \/>\n<a&hellip;  <a href=\"https:\/\/agora.xtec.cat\/esc-teresabergada\/general\/el-conte-den-mino\/\" title=\"Read El conte d&#8217;en Min\u00f3&#8230;\">Llegeix m\u00e9s\u00bb<\/a><\/p>\n","protected":false},"author":16,"featured_media":6350,"comment_status":"open","ping_status":"closed","sticky":false,"template":"","format":"standard","meta":{"_bbp_topic_count":0,"_bbp_reply_count":0,"_bbp_total_topic_count":0,"_bbp_total_reply_count":0,"_bbp_voice_count":0,"_bbp_anonymous_reply_count":0,"_bbp_topic_count_hidden":0,"_bbp_reply_count_hidden":0,"_bbp_forum_subforum_count":0,"footnotes":""},"categories":[1,4],"tags":[477,469,160,476,475],"class_list":["post-6349","post","type-post","status-publish","format-standard","has-post-thumbnail","hentry","category-general","category-portada","tag-confinament","tag-conte","tag-creativitat","tag-mino","tag-mitjo"],"post_mailing_queue_ids":[],"_links":{"self":[{"href":"https:\/\/agora.xtec.cat\/esc-teresabergada\/wp-json\/wp\/v2\/posts\/6349","targetHints":{"allow":["GET"]}}],"collection":[{"href":"https:\/\/agora.xtec.cat\/esc-teresabergada\/wp-json\/wp\/v2\/posts"}],"about":[{"href":"https:\/\/agora.xtec.cat\/esc-teresabergada\/wp-json\/wp\/v2\/types\/post"}],"author":[{"embeddable":true,"href":"https:\/\/agora.xtec.cat\/esc-teresabergada\/wp-json\/wp\/v2\/users\/16"}],"replies":[{"embeddable":true,"href":"https:\/\/agora.xtec.cat\/esc-teresabergada\/wp-json\/wp\/v2\/comments?post=6349"}],"version-history":[{"count":4,"href":"https:\/\/agora.xtec.cat\/esc-teresabergada\/wp-json\/wp\/v2\/posts\/6349\/revisions"}],"predecessor-version":[{"id":6355,"href":"https:\/\/agora.xtec.cat\/esc-teresabergada\/wp-json\/wp\/v2\/posts\/6349\/revisions\/6355"}],"wp:featuredmedia":[{"embeddable":true,"href":"https:\/\/agora.xtec.cat\/esc-teresabergada\/wp-json\/wp\/v2\/media\/6350"}],"wp:attachment":[{"href":"https:\/\/agora.xtec.cat\/esc-teresabergada\/wp-json\/wp\/v2\/media?parent=6349"}],"wp:term":[{"taxonomy":"category","embeddable":true,"href":"https:\/\/agora.xtec.cat\/esc-teresabergada\/wp-json\/wp\/v2\/categories?post=6349"},{"taxonomy":"post_tag","embeddable":true,"href":"https:\/\/agora.xtec.cat\/esc-teresabergada\/wp-json\/wp\/v2\/tags?post=6349"}],"curies":[{"name":"wp","href":"https:\/\/api.w.org\/{rel}","templated":true}]}}