{"id":6333,"date":"2020-04-08T15:49:23","date_gmt":"2020-04-08T13:49:23","guid":{"rendered":"http:\/\/agora.xtec.cat\/esc-teresabergada\/?p=6333"},"modified":"2020-04-20T17:19:57","modified_gmt":"2020-04-20T15:19:57","slug":"continuem-el-projecte-sobre-la-terra","status":"publish","type":"post","link":"https:\/\/agora.xtec.cat\/esc-teresabergada\/general\/continuem-el-projecte-sobre-la-terra\/","title":{"rendered":"CONTINUEM EL PROJECTE SOBRE LA TERRA"},"content":{"rendered":"<p>Durant el segon trimestre els alumnes de cicle superior hav\u00edem engegat el projecte sobre la terra. Hav\u00edem comen\u00e7at amb la part de la geologia. Despr\u00e9s treballar\u00edem Europa.<\/p>\n<p>Aquesta primera part vam iniciar-la amb unes estades al Camp d&#8217;Aprenentatge de la Garrotxa que van ser molt interessants.<\/p>\n<p>Ara, malgrat estem confinats, continuem treballant en el projecte. Aqu\u00ed teniu fotos i algun v\u00eddeo d&#8217;alguns dels experiments que hem fet a casa: la maqueta\/experiment d&#8217;un volc\u00e0, la l\u00e0mpara de lava i algunes fotos sobre el treball de les capes de la terra. (<strong>Cliqueu<\/strong> sobre la foto per a veure les altres).<\/p>\n<p><a href=\"https:\/\/photos.app.goo.gl\/tgKafGN7YNMTesCa8\"><img loading=\"lazy\" decoding=\"async\" class=\"alignnone wp-image-6334\" src=\"https:\/\/agora.xtec.cat\/esc-teresabergada\/wp-content\/uploads\/usu1533\/2020\/04\/IMG_20200328_184714-1.jpg\" alt=\"\" width=\"415\" height=\"553\" \/><\/a><\/p>\n<p>&nbsp;<\/p>\n<div style=\"width: 1920px;\" class=\"wp-video\"><!--[if lt IE 9]><script>document.createElement('video');<\/script><![endif]-->\n<video class=\"wp-video-shortcode\" id=\"video-6333-1\" width=\"1920\" height=\"1080\" preload=\"metadata\" controls=\"controls\"><source type=\"video\/mp4\" src=\"https:\/\/agora.xtec.cat\/esc-teresabergada\/wp-content\/uploads\/usu1533\/2020\/04\/VID_20200323_131024.mp4?_=1\" \/><a href=\"https:\/\/agora.xtec.cat\/esc-teresabergada\/wp-content\/uploads\/usu1533\/2020\/04\/VID_20200323_131024.mp4\">https:\/\/agora.xtec.cat\/esc-teresabergada\/wp-content\/uploads\/usu1533\/2020\/04\/VID_20200323_131024.mp4<\/a><\/video><\/div>\n<p>&nbsp;<\/p>\n<div style=\"width: 480px;\" class=\"wp-video\"><video class=\"wp-video-shortcode\" id=\"video-6333-2\" width=\"480\" height=\"360\" preload=\"metadata\" controls=\"controls\"><source type=\"video\/mp4\" src=\"https:\/\/agora.xtec.cat\/esc-teresabergada\/wp-content\/uploads\/usu1533\/2020\/04\/VOLC\u00c0-COLORIDO-DE-MART-5.mp4?_=2\" \/><a href=\"https:\/\/agora.xtec.cat\/esc-teresabergada\/wp-content\/uploads\/usu1533\/2020\/04\/VOLC\u00c0-COLORIDO-DE-MART-5.mp4\">https:\/\/agora.xtec.cat\/esc-teresabergada\/wp-content\/uploads\/usu1533\/2020\/04\/VOLC\u00c0-COLORIDO-DE-MART-5.mp4<\/a><\/video><\/div>\n","protected":false},"excerpt":{"rendered":"<p>Durant el segon trimestre els alumnes de cicle superior hav\u00edem engegat el projecte sobre la terra. Hav\u00edem comen\u00e7at amb la part de la geologia. Despr\u00e9s treballar\u00edem Europa.<br \/>\nAquesta primera part vam iniciar-la amb unes estades al Camp d&#8217;Aprenentatge de la Garrotxa que van ser molt interessants.<br \/>\nAra,&hellip;  <a href=\"https:\/\/agora.xtec.cat\/esc-teresabergada\/general\/continuem-el-projecte-sobre-la-terra\/\" title=\"Read CONTINUEM EL PROJECTE SOBRE LA TERRA\">Llegeix m\u00e9s\u00bb<\/a><\/p>\n","protected":false},"author":1,"featured_media":0,"comment_status":"open","ping_status":"closed","sticky":false,"template":"","format":"standard","meta":{"_bbp_topic_count":0,"_bbp_reply_count":0,"_bbp_total_topic_count":0,"_bbp_total_reply_count":0,"_bbp_voice_count":0,"_bbp_anonymous_reply_count":0,"_bbp_topic_count_hidden":0,"_bbp_reply_count_hidden":0,"_bbp_forum_subforum_count":0,"footnotes":""},"categories":[1],"tags":[],"class_list":["post-6333","post","type-post","status-publish","format-standard","hentry","category-general"],"post_mailing_queue_ids":[],"_links":{"self":[{"href":"https:\/\/agora.xtec.cat\/esc-teresabergada\/wp-json\/wp\/v2\/posts\/6333","targetHints":{"allow":["GET"]}}],"collection":[{"href":"https:\/\/agora.xtec.cat\/esc-teresabergada\/wp-json\/wp\/v2\/posts"}],"about":[{"href":"https:\/\/agora.xtec.cat\/esc-teresabergada\/wp-json\/wp\/v2\/types\/post"}],"author":[{"embeddable":true,"href":"https:\/\/agora.xtec.cat\/esc-teresabergada\/wp-json\/wp\/v2\/users\/1"}],"replies":[{"embeddable":true,"href":"https:\/\/agora.xtec.cat\/esc-teresabergada\/wp-json\/wp\/v2\/comments?post=6333"}],"version-history":[{"count":4,"href":"https:\/\/agora.xtec.cat\/esc-teresabergada\/wp-json\/wp\/v2\/posts\/6333\/revisions"}],"predecessor-version":[{"id":6530,"href":"https:\/\/agora.xtec.cat\/esc-teresabergada\/wp-json\/wp\/v2\/posts\/6333\/revisions\/6530"}],"wp:attachment":[{"href":"https:\/\/agora.xtec.cat\/esc-teresabergada\/wp-json\/wp\/v2\/media?parent=6333"}],"wp:term":[{"taxonomy":"category","embeddable":true,"href":"https:\/\/agora.xtec.cat\/esc-teresabergada\/wp-json\/wp\/v2\/categories?post=6333"},{"taxonomy":"post_tag","embeddable":true,"href":"https:\/\/agora.xtec.cat\/esc-teresabergada\/wp-json\/wp\/v2\/tags?post=6333"}],"curies":[{"name":"wp","href":"https:\/\/api.w.org\/{rel}","templated":true}]}}