{"id":6303,"date":"2020-04-07T17:51:24","date_gmt":"2020-04-07T15:51:24","guid":{"rendered":"http:\/\/agora.xtec.cat\/esc-teresabergada\/?p=6303"},"modified":"2020-09-08T05:16:34","modified_gmt":"2020-09-08T03:16:34","slug":"els-cavallers-i-les-princeses-de-p4-ens-volen-animar","status":"publish","type":"post","link":"https:\/\/agora.xtec.cat\/esc-teresabergada\/general\/els-cavallers-i-les-princeses-de-p4-ens-volen-animar\/","title":{"rendered":"Els Cavallers i les Princeses de P4 ens volen animar!!!"},"content":{"rendered":"<p>Les fam\u00edlies de P4, ens volen donar una injecci\u00f3 d&#8217;energia a tots i totes amb aquesta iniciativa tan bonica.<\/p>\n<p>Amb aquest v\u00eddeo ple d&#8217;esperan\u00e7a ens volen animar, per\u00f2 sobretot el volen dedicar a la seva senyoreta Trini.<\/p>\n<p>Moltes gr\u00e0cies fam\u00edlies dels Cavallers i Princeses, segur que ben aviat ens podrem retrobar!!!<\/p>\n<p>&nbsp;<\/p>\n<p><a href=\"https:\/\/drive.google.com\/file\/d\/134Z8mTVndG1HFnnNIc3T1FeUP76ZiAPn\/view?usp=sharing\"><img loading=\"lazy\" decoding=\"async\" class=\"wp-image-6308 aligncenter\" src=\"https:\/\/agora.xtec.cat\/esc-teresabergada\/wp-content\/uploads\/usu1533\/2020\/04\/IMG_6251-1-300x165.jpg\" alt=\"\" width=\"489\" height=\"269\" srcset=\"https:\/\/agora.xtec.cat\/esc-teresabergada\/wp-content\/uploads\/usu1533\/2020\/04\/IMG_6251-1-300x165.jpg 300w, https:\/\/agora.xtec.cat\/esc-teresabergada\/wp-content\/uploads\/usu1533\/2020\/04\/IMG_6251-1-768x422.jpg 768w, https:\/\/agora.xtec.cat\/esc-teresabergada\/wp-content\/uploads\/usu1533\/2020\/04\/IMG_6251-1-1024x563.jpg 1024w, https:\/\/agora.xtec.cat\/esc-teresabergada\/wp-content\/uploads\/usu1533\/2020\/04\/IMG_6251-1.jpg 1125w\" sizes=\"auto, (max-width: 489px) 100vw, 489px\" \/><\/a><\/p>\n","protected":false},"excerpt":{"rendered":"<p>Les fam\u00edlies de P4, ens volen donar una injecci\u00f3 d&#8217;energia a tots i totes amb aquesta iniciativa tan bonica.<br \/>\nAmb aquest v\u00eddeo ple d&#8217;esperan\u00e7a ens volen animar, per\u00f2 sobretot el volen dedicar a la seva senyoreta Trini.<br \/>\nMoltes gr\u00e0cies fam\u00edlies dels Cavallers i Princeses, segur que ben&hellip;  <a href=\"https:\/\/agora.xtec.cat\/esc-teresabergada\/general\/els-cavallers-i-les-princeses-de-p4-ens-volen-animar\/\" title=\"Read Els Cavallers i les Princeses de P4 ens volen animar!!!\">Llegeix m\u00e9s\u00bb<\/a><\/p>\n","protected":false},"author":1,"featured_media":6308,"comment_status":"open","ping_status":"closed","sticky":false,"template":"","format":"standard","meta":{"_bbp_topic_count":0,"_bbp_reply_count":0,"_bbp_total_topic_count":0,"_bbp_total_reply_count":0,"_bbp_voice_count":0,"_bbp_anonymous_reply_count":0,"_bbp_topic_count_hidden":0,"_bbp_reply_count_hidden":0,"_bbp_forum_subforum_count":0,"footnotes":""},"categories":[1,251,4],"tags":[466,330],"class_list":["post-6303","post","type-post","status-publish","format-standard","has-post-thumbnail","hentry","category-general","category-i5","category-portada","tag-totanirabe","tag-p4"],"post_mailing_queue_ids":[],"_links":{"self":[{"href":"https:\/\/agora.xtec.cat\/esc-teresabergada\/wp-json\/wp\/v2\/posts\/6303","targetHints":{"allow":["GET"]}}],"collection":[{"href":"https:\/\/agora.xtec.cat\/esc-teresabergada\/wp-json\/wp\/v2\/posts"}],"about":[{"href":"https:\/\/agora.xtec.cat\/esc-teresabergada\/wp-json\/wp\/v2\/types\/post"}],"author":[{"embeddable":true,"href":"https:\/\/agora.xtec.cat\/esc-teresabergada\/wp-json\/wp\/v2\/users\/1"}],"replies":[{"embeddable":true,"href":"https:\/\/agora.xtec.cat\/esc-teresabergada\/wp-json\/wp\/v2\/comments?post=6303"}],"version-history":[{"count":3,"href":"https:\/\/agora.xtec.cat\/esc-teresabergada\/wp-json\/wp\/v2\/posts\/6303\/revisions"}],"predecessor-version":[{"id":6312,"href":"https:\/\/agora.xtec.cat\/esc-teresabergada\/wp-json\/wp\/v2\/posts\/6303\/revisions\/6312"}],"wp:featuredmedia":[{"embeddable":true,"href":"https:\/\/agora.xtec.cat\/esc-teresabergada\/wp-json\/wp\/v2\/media\/6308"}],"wp:attachment":[{"href":"https:\/\/agora.xtec.cat\/esc-teresabergada\/wp-json\/wp\/v2\/media?parent=6303"}],"wp:term":[{"taxonomy":"category","embeddable":true,"href":"https:\/\/agora.xtec.cat\/esc-teresabergada\/wp-json\/wp\/v2\/categories?post=6303"},{"taxonomy":"post_tag","embeddable":true,"href":"https:\/\/agora.xtec.cat\/esc-teresabergada\/wp-json\/wp\/v2\/tags?post=6303"}],"curies":[{"name":"wp","href":"https:\/\/api.w.org\/{rel}","templated":true}]}}