{"id":6287,"date":"2020-04-06T18:51:28","date_gmt":"2020-04-06T16:51:28","guid":{"rendered":"http:\/\/agora.xtec.cat\/esc-teresabergada\/?p=6287"},"modified":"2020-04-07T12:39:21","modified_gmt":"2020-04-07T10:39:21","slug":"continuem","status":"publish","type":"post","link":"https:\/\/agora.xtec.cat\/esc-teresabergada\/general\/continuem\/","title":{"rendered":"CONTINUEM&#8230;"},"content":{"rendered":"<p>Ens trobem a la quarta setmana de confinament, i aquesta \u00e9s molt especial: s\u00f3n\u00a0 vacances de Setmana Santa.<\/p>\n<p>Durant aquesta setmana no us donarem noves propostes, per\u00f2 estigueu pendents,\u00a0 que a partir del 14 d\u2019abril, els\/les vostres mestres es posaran en contacte amb vosaltres mitjan\u00e7ant un correu electr\u00f2nic o una trucada telef\u00f2nica, i fins i tot a la tornada us explicarem alguna novetat o sorpresa. I no cal dir, que us trobem molt a faltar, i que els mestres i les mestres estem treballant des de\u00a0 casa per continuar acompanyant-vos.<\/p>\n<p>Si voleu, ens podeu enviar al correu de l\u2019escola (c5005120@xtec.cat) alguna foto o v\u00eddeo de com esteu vivint aquestes especials i diferents vacances de Setmana Santa, i les anirem penjant al bloc.<\/p>\n<p>I sobretot no us oblideu d\u2019IMAGINAR, CREAR, SORPRENDRE, DIVERTIR I SOMRIURE!!!<\/p>\n<p><img loading=\"lazy\" decoding=\"async\" class=\"aligncenter size-medium wp-image-6290\" src=\"https:\/\/agora.xtec.cat\/esc-teresabergada\/wp-content\/uploads\/usu1533\/2020\/04\/TURU-212x300.jpg\" alt=\"\" width=\"212\" height=\"300\" srcset=\"https:\/\/agora.xtec.cat\/esc-teresabergada\/wp-content\/uploads\/usu1533\/2020\/04\/TURU-212x300.jpg 212w, https:\/\/agora.xtec.cat\/esc-teresabergada\/wp-content\/uploads\/usu1533\/2020\/04\/TURU-768x1086.jpg 768w, https:\/\/agora.xtec.cat\/esc-teresabergada\/wp-content\/uploads\/usu1533\/2020\/04\/TURU-724x1024.jpg 724w, https:\/\/agora.xtec.cat\/esc-teresabergada\/wp-content\/uploads\/usu1533\/2020\/04\/TURU.jpg 848w\" sizes=\"auto, (max-width: 212px) 100vw, 212px\" \/><\/p>\n","protected":false},"excerpt":{"rendered":"<p>Ens trobem a la quarta setmana de confinament, i aquesta \u00e9s molt especial: s\u00f3n\u00a0 vacances de Setmana Santa.<br \/>\nDurant aquesta setmana no us donarem noves propostes, per\u00f2 estigueu pendents,\u00a0 que a partir del 14 d\u2019abril, els\/les vostres mestres es posaran en contacte amb vosaltres mitjan\u00e7ant un&hellip;  <a href=\"https:\/\/agora.xtec.cat\/esc-teresabergada\/general\/continuem\/\" title=\"Read CONTINUEM&#8230;\">Llegeix m\u00e9s\u00bb<\/a><\/p>\n","protected":false},"author":1,"featured_media":6288,"comment_status":"open","ping_status":"closed","sticky":false,"template":"","format":"standard","meta":{"_bbp_topic_count":0,"_bbp_reply_count":0,"_bbp_total_topic_count":0,"_bbp_total_reply_count":0,"_bbp_voice_count":0,"_bbp_anonymous_reply_count":0,"_bbp_topic_count_hidden":0,"_bbp_reply_count_hidden":0,"_bbp_forum_subforum_count":0,"footnotes":""},"categories":[1,4],"tags":[],"class_list":["post-6287","post","type-post","status-publish","format-standard","has-post-thumbnail","hentry","category-general","category-portada"],"post_mailing_queue_ids":[],"_links":{"self":[{"href":"https:\/\/agora.xtec.cat\/esc-teresabergada\/wp-json\/wp\/v2\/posts\/6287","targetHints":{"allow":["GET"]}}],"collection":[{"href":"https:\/\/agora.xtec.cat\/esc-teresabergada\/wp-json\/wp\/v2\/posts"}],"about":[{"href":"https:\/\/agora.xtec.cat\/esc-teresabergada\/wp-json\/wp\/v2\/types\/post"}],"author":[{"embeddable":true,"href":"https:\/\/agora.xtec.cat\/esc-teresabergada\/wp-json\/wp\/v2\/users\/1"}],"replies":[{"embeddable":true,"href":"https:\/\/agora.xtec.cat\/esc-teresabergada\/wp-json\/wp\/v2\/comments?post=6287"}],"version-history":[{"count":3,"href":"https:\/\/agora.xtec.cat\/esc-teresabergada\/wp-json\/wp\/v2\/posts\/6287\/revisions"}],"predecessor-version":[{"id":6293,"href":"https:\/\/agora.xtec.cat\/esc-teresabergada\/wp-json\/wp\/v2\/posts\/6287\/revisions\/6293"}],"wp:featuredmedia":[{"embeddable":true,"href":"https:\/\/agora.xtec.cat\/esc-teresabergada\/wp-json\/wp\/v2\/media\/6288"}],"wp:attachment":[{"href":"https:\/\/agora.xtec.cat\/esc-teresabergada\/wp-json\/wp\/v2\/media?parent=6287"}],"wp:term":[{"taxonomy":"category","embeddable":true,"href":"https:\/\/agora.xtec.cat\/esc-teresabergada\/wp-json\/wp\/v2\/categories?post=6287"},{"taxonomy":"post_tag","embeddable":true,"href":"https:\/\/agora.xtec.cat\/esc-teresabergada\/wp-json\/wp\/v2\/tags?post=6287"}],"curies":[{"name":"wp","href":"https:\/\/api.w.org\/{rel}","templated":true}]}}