{"id":6191,"date":"2020-04-01T18:14:25","date_gmt":"2020-04-01T16:14:25","guid":{"rendered":"http:\/\/agora.xtec.cat\/esc-teresabergada\/?p=6191"},"modified":"2020-04-03T13:31:45","modified_gmt":"2020-04-03T11:31:45","slug":"tot-i-la-distancia-la-capacitat-daprendre-mai-satura","status":"publish","type":"post","link":"https:\/\/agora.xtec.cat\/esc-teresabergada\/general\/tot-i-la-distancia-la-capacitat-daprendre-mai-satura\/","title":{"rendered":"Tot i la dist\u00e0ncia, la capacitat d&#8217;aprendre mai s&#8217;atura"},"content":{"rendered":"<p>Durant aquestes primeres setmanes de #JOEMQUEDOACASA, l&#8217;aprenentatge ha estat a l&#8217;abast de totes i tots vosaltres.<\/p>\n<p>Els alumnes de cicle superior, han gaudit de l&#8217;experi\u00e8ncia de <strong>crear el seu volc\u00e0<\/strong> (doncs en l&#8217;espai de medi estem realitzant el projecte de LA TERRA i un dels seus continguts ha estat ELS VOLCANS).<\/p>\n<p>Alguns alumnes de 5\u00e8 volen compartir l&#8217;experi\u00e8ncia amb vosaltres; fins i tot alguns ens han fet un petit tutorial per si us animeu a fer-ne un.<\/p>\n\r\n\t<div class=\"slideshow_container slideshow_container_style-light\" style=\"height: 300px; \" data-slideshow-id=\"6197\" data-style-name=\"style-light\" data-style-version=\"2.3.1\" >\r\n\r\n\t\t\t\t\t<div class=\"slideshow_loading_icon\"><\/div>\r\n\t\t\r\n\t\t<div class=\"slideshow_content\" style=\"display: none;\">\r\n\r\n\t\t\t<div class=\"slideshow_view\">\t<div style=\"clear: both;\"><\/div><\/div><div class=\"slideshow_view\">\t<div style=\"clear: both;\"><\/div><\/div><div class=\"slideshow_view\">\t<div style=\"clear: both;\"><\/div><\/div><div class=\"slideshow_view\">\t<div style=\"clear: both;\"><\/div><\/div><div class=\"slideshow_view\">\t<div style=\"clear: both;\"><\/div><\/div>\r\n\t\t<\/div>\r\n\r\n\t\t<div class=\"slideshow_controlPanel slideshow_transparent\" style=\"display: none;\"><ul><li class=\"slideshow_togglePlay\" data-play-text=\"Visualitza\" data-pause-text=\"Pausa\"><\/li><\/ul><\/div>\r\n\r\n\t\t<div class=\"slideshow_button slideshow_previous slideshow_transparent\" role=\"button\" data-previous-text=\"Anterior\" style=\"display: none;\"><\/div>\r\n\t\t<div class=\"slideshow_button slideshow_next slideshow_transparent\" role=\"button\" data-next-text=\"Seg\u00fcent\" style=\"display: none;\"><\/div>\r\n\r\n\t\t<div class=\"slideshow_pagination\" style=\"display: none;\" data-go-to-text=\"V\u00e9s a la diapositiva\"><div class=\"slideshow_pagination_center\"><\/div><\/div>\r\n\r\n\t\t<!-- WordPress Slideshow Version 2.3.1 -->\r\n\r\n\t\t\t<\/div>\r\n\r\n\n<p><a href=\"https:\/\/drive.google.com\/file\/d\/12sSpxDCQLcbYKgLMrk-vOZ9d6C3sWJhT\/view?usp=sharing\" target=\"_blank\" rel=\"noopener noreferrer\">V\u00cdDEO TUTORIAL 1 &#8211; FEM UN VOLC\u00c0.<\/a><\/p>\n<p><iframe loading=\"lazy\" title=\"Vi\u0301deo tutorial 2   FEM UN VOLCA\u0300\" width=\"500\" height=\"281\" src=\"https:\/\/www.youtube.com\/embed\/gy4pGlSPYig?feature=oembed\" frameborder=\"0\" allow=\"accelerometer; autoplay; clipboard-write; encrypted-media; gyroscope; picture-in-picture; web-share\" referrerpolicy=\"strict-origin-when-cross-origin\" allowfullscreen><\/iframe><\/p>\n<p><iframe loading=\"lazy\" title=\"V\u00eddeo volca\u0300_Ares Moix\" width=\"500\" height=\"281\" src=\"https:\/\/www.youtube.com\/embed\/xfpwkfHQIFA?feature=oembed\" frameborder=\"0\" allow=\"accelerometer; autoplay; clipboard-write; encrypted-media; gyroscope; picture-in-picture; web-share\" referrerpolicy=\"strict-origin-when-cross-origin\" allowfullscreen><\/iframe><\/p>\n<p>&nbsp;<\/p>\n<p>Contents de poder dir que <span style=\"text-decoration: underline;\"><strong>L&#8217;APRENENTATGE CREIX QUAN ES COMPARTEIX.<\/strong><\/span><\/p>\n<p>*Tamb\u00e9 podeu veure les maquetes d&#8217;alumne de 6\u00e8 , fent clic a l&#8217;enlla\u00e7 del seu <a href=\"https:\/\/agora.xtec.cat\/esc-teresabergada\/categoria\/primaria\/6ea\/\" target=\"_blank\" rel=\"noopener noreferrer\">bloc &#8211; classe 6\u00e8A <\/a>i <a href=\"https:\/\/agora.xtec.cat\/esc-teresabergada\/categoria\/primaria\/6eb\/\" target=\"_blank\" rel=\"noopener noreferrer\">bloc &#8211; classe 6\u00e8B<\/a><\/p>\n","protected":false},"excerpt":{"rendered":"<p>Durant aquestes primeres setmanes de #JOEMQUEDOACASA, l&#8217;aprenentatge ha estat a l&#8217;abast de totes i tots vosaltres.<br \/>\nEls alumnes de cicle superior, han gaudit de l&#8217;experi\u00e8ncia de crear el seu volc\u00e0 (doncs en l&#8217;espai de medi estem realitzant el projecte de LA TERRA i un dels seus&hellip;  <a href=\"https:\/\/agora.xtec.cat\/esc-teresabergada\/general\/tot-i-la-distancia-la-capacitat-daprendre-mai-satura\/\" title=\"Read Tot i la dist\u00e0ncia, la capacitat d&#8217;aprendre mai s&#8217;atura\">Llegeix m\u00e9s\u00bb<\/a><\/p>\n","protected":false},"author":1,"featured_media":0,"comment_status":"open","ping_status":"closed","sticky":false,"template":"","format":"standard","meta":{"_bbp_topic_count":0,"_bbp_reply_count":0,"_bbp_total_topic_count":0,"_bbp_total_reply_count":0,"_bbp_voice_count":0,"_bbp_anonymous_reply_count":0,"_bbp_topic_count_hidden":0,"_bbp_reply_count_hidden":0,"_bbp_forum_subforum_count":0,"footnotes":""},"categories":[240,1],"tags":[468,466,172],"class_list":["post-6191","post","type-post","status-publish","format-standard","hentry","category-6e","category-general","tag-joemquedoacasa","tag-totanirabe","tag-medi"],"post_mailing_queue_ids":[],"_links":{"self":[{"href":"https:\/\/agora.xtec.cat\/esc-teresabergada\/wp-json\/wp\/v2\/posts\/6191","targetHints":{"allow":["GET"]}}],"collection":[{"href":"https:\/\/agora.xtec.cat\/esc-teresabergada\/wp-json\/wp\/v2\/posts"}],"about":[{"href":"https:\/\/agora.xtec.cat\/esc-teresabergada\/wp-json\/wp\/v2\/types\/post"}],"author":[{"embeddable":true,"href":"https:\/\/agora.xtec.cat\/esc-teresabergada\/wp-json\/wp\/v2\/users\/1"}],"replies":[{"embeddable":true,"href":"https:\/\/agora.xtec.cat\/esc-teresabergada\/wp-json\/wp\/v2\/comments?post=6191"}],"version-history":[{"count":3,"href":"https:\/\/agora.xtec.cat\/esc-teresabergada\/wp-json\/wp\/v2\/posts\/6191\/revisions"}],"predecessor-version":[{"id":6256,"href":"https:\/\/agora.xtec.cat\/esc-teresabergada\/wp-json\/wp\/v2\/posts\/6191\/revisions\/6256"}],"wp:attachment":[{"href":"https:\/\/agora.xtec.cat\/esc-teresabergada\/wp-json\/wp\/v2\/media?parent=6191"}],"wp:term":[{"taxonomy":"category","embeddable":true,"href":"https:\/\/agora.xtec.cat\/esc-teresabergada\/wp-json\/wp\/v2\/categories?post=6191"},{"taxonomy":"post_tag","embeddable":true,"href":"https:\/\/agora.xtec.cat\/esc-teresabergada\/wp-json\/wp\/v2\/tags?post=6191"}],"curies":[{"name":"wp","href":"https:\/\/api.w.org\/{rel}","templated":true}]}}