{"id":6137,"date":"2020-03-28T12:05:16","date_gmt":"2020-03-28T11:05:16","guid":{"rendered":"http:\/\/agora.xtec.cat\/esc-teresabergada\/?p=6137"},"modified":"2020-03-28T17:13:29","modified_gmt":"2020-03-28T16:13:29","slug":"canvi-de-mirada-canvi-de-significat","status":"publish","type":"post","link":"https:\/\/agora.xtec.cat\/esc-teresabergada\/blocs-de-primaria\/6e\/canvi-de-mirada-canvi-de-significat\/","title":{"rendered":"Canvi de mirada = canvi de significat"},"content":{"rendered":"<p>Una de les propostes d&#8217;activitats que han realitzat els alumnes de 5\u00e8 en aquests dies de #JOEMQUEDOACASA \u00e9s crear una <strong>composici\u00f3 amb elements naturals i\/o artificials vinculats amb el seu entorn familiar<\/strong>. Com a bons artistes han donat nom i una narraci\u00f3 a les seves produccions.<\/p>\n<p>A continuaci\u00f3 podeu veure les seves obres d&#8217;art i us animem a que vosaltres tamb\u00e9 hi pogueu posar t\u00edtol i que ens expliqueu el perqu\u00e8 l&#8217;heu anomenat aix\u00ed; d&#8217;aquesta manera els alumnes podran veure que <span style=\"color: #e069a5;\"><strong>canviant la mirada envers l&#8217;obra<\/strong><\/span>, sovint, <span style=\"color: #e069a5;\"><strong>canvia el seu significat<\/strong><\/span>.<\/p>\n<p><strong>Com ho podeu compartir amb nosaltres? <span style=\"text-decoration: underline; color: #ff0000;\">Deixant un comentari<\/span><\/strong><span style=\"text-decoration: underline; color: #ff0000;\">.<\/span><\/p>\n<p>Esperem que gaudiu de la bellesa art\u00edstica d&#8217;aquestes fant\u00e0stiques creacions.<\/p>\n<p><a href=\"https:\/\/photos.app.goo.gl\/xHR87foikbBHZEHd6\"><img loading=\"lazy\" decoding=\"async\" class=\"aligncenter wp-image-6138 size-full\" src=\"https:\/\/agora.xtec.cat\/esc-teresabergada\/wp-content\/uploads\/usu1533\/2020\/03\/Captura-de-Pantalla-2020-03-28-a-les-12.02.55.png\" alt=\"\" width=\"932\" height=\"630\" srcset=\"https:\/\/agora.xtec.cat\/esc-teresabergada\/wp-content\/uploads\/usu1533\/2020\/03\/Captura-de-Pantalla-2020-03-28-a-les-12.02.55.png 932w, https:\/\/agora.xtec.cat\/esc-teresabergada\/wp-content\/uploads\/usu1533\/2020\/03\/Captura-de-Pantalla-2020-03-28-a-les-12.02.55-300x203.png 300w, https:\/\/agora.xtec.cat\/esc-teresabergada\/wp-content\/uploads\/usu1533\/2020\/03\/Captura-de-Pantalla-2020-03-28-a-les-12.02.55-768x519.png 768w\" sizes=\"auto, (max-width: 932px) 100vw, 932px\" \/><\/a><\/p>\n<p style=\"text-align: center;\"><em>(feu clic per veure les fotografies de les creacions)<\/em><\/p>\n","protected":false},"excerpt":{"rendered":"<p>Una de les propostes d&#8217;activitats que han realitzat els alumnes de 5\u00e8 en aquests dies de #JOEMQUEDOACASA \u00e9s crear una composici\u00f3 amb elements naturals i\/o artificials vinculats amb el seu entorn familiar. Com a bons artistes han donat nom i una narraci\u00f3 a les seves&hellip;  <a href=\"https:\/\/agora.xtec.cat\/esc-teresabergada\/blocs-de-primaria\/6e\/canvi-de-mirada-canvi-de-significat\/\" title=\"Read Canvi de mirada = canvi de significat\">Llegeix m\u00e9s\u00bb<\/a><\/p>\n","protected":false},"author":1,"featured_media":6138,"comment_status":"open","ping_status":"closed","sticky":false,"template":"","format":"standard","meta":{"_bbp_topic_count":0,"_bbp_reply_count":0,"_bbp_total_topic_count":0,"_bbp_total_reply_count":0,"_bbp_voice_count":0,"_bbp_anonymous_reply_count":0,"_bbp_topic_count_hidden":0,"_bbp_reply_count_hidden":0,"_bbp_forum_subforum_count":0,"footnotes":""},"categories":[240],"tags":[468,466,244],"class_list":["post-6137","post","type-post","status-publish","format-standard","has-post-thumbnail","hentry","category-6e","tag-joemquedoacasa","tag-totanirabe","tag-art"],"post_mailing_queue_ids":[],"_links":{"self":[{"href":"https:\/\/agora.xtec.cat\/esc-teresabergada\/wp-json\/wp\/v2\/posts\/6137","targetHints":{"allow":["GET"]}}],"collection":[{"href":"https:\/\/agora.xtec.cat\/esc-teresabergada\/wp-json\/wp\/v2\/posts"}],"about":[{"href":"https:\/\/agora.xtec.cat\/esc-teresabergada\/wp-json\/wp\/v2\/types\/post"}],"author":[{"embeddable":true,"href":"https:\/\/agora.xtec.cat\/esc-teresabergada\/wp-json\/wp\/v2\/users\/1"}],"replies":[{"embeddable":true,"href":"https:\/\/agora.xtec.cat\/esc-teresabergada\/wp-json\/wp\/v2\/comments?post=6137"}],"version-history":[{"count":3,"href":"https:\/\/agora.xtec.cat\/esc-teresabergada\/wp-json\/wp\/v2\/posts\/6137\/revisions"}],"predecessor-version":[{"id":6147,"href":"https:\/\/agora.xtec.cat\/esc-teresabergada\/wp-json\/wp\/v2\/posts\/6137\/revisions\/6147"}],"wp:featuredmedia":[{"embeddable":true,"href":"https:\/\/agora.xtec.cat\/esc-teresabergada\/wp-json\/wp\/v2\/media\/6138"}],"wp:attachment":[{"href":"https:\/\/agora.xtec.cat\/esc-teresabergada\/wp-json\/wp\/v2\/media?parent=6137"}],"wp:term":[{"taxonomy":"category","embeddable":true,"href":"https:\/\/agora.xtec.cat\/esc-teresabergada\/wp-json\/wp\/v2\/categories?post=6137"},{"taxonomy":"post_tag","embeddable":true,"href":"https:\/\/agora.xtec.cat\/esc-teresabergada\/wp-json\/wp\/v2\/tags?post=6137"}],"curies":[{"name":"wp","href":"https:\/\/api.w.org\/{rel}","templated":true}]}}