{"id":6091,"date":"2020-03-26T13:11:20","date_gmt":"2020-03-26T12:11:20","guid":{"rendered":"http:\/\/agora.xtec.cat\/esc-teresabergada\/?p=6091"},"modified":"2020-09-08T05:16:47","modified_gmt":"2020-09-08T03:16:47","slug":"activitats-per-fer-a-casa-aquests-dies","status":"publish","type":"post","link":"https:\/\/agora.xtec.cat\/esc-teresabergada\/general\/activitats-per-fer-a-casa-aquests-dies\/","title":{"rendered":"ACTIVITATS PER FER A CASA    AQUESTS DIES"},"content":{"rendered":"<p>Benvolgudes fam\u00edlies,<\/p>\n<p>Primer de tot desitgem que us trobeu b\u00e9.<\/p>\n<p>Davant les \u00faltimes not\u00edcies on l\u2019estat l\u2019alarma es prorroga, i aquesta situaci\u00f3 ens preocupa, el Claustre de mestres hem decidit que\u00a0 anirem penjant cada setmana al bloc\u00a0 uns suggeriments, recursos i\/o orientacions, tot recordant que aquestes tasques no s\u00f3n avaluables. Recordem que els\/les alumnes de <strong>Cicle Superior<\/strong>, ja fa dies que treballen mitjan\u00e7ant el G-suite, i aix\u00ed ho continuaran fent.<\/p>\n<p>A m\u00e9s a m\u00e9s us deixem una s\u00e8rie de links, per si s\u00f3n del vostre inter\u00e8s:<\/p>\n<ul>\n<li>A la web de\u00a0<a href=\"http:\/\/xtec.gencat.cat\/\">http:\/\/xtec.gencat.cat <\/a>hi trobareu informaci\u00f3 diversa i actualitzada.<\/li>\n<li>Recull de recursos i activitats <a href=\"http:\/\/www.edu365.cat\/\">http:\/\/www.edu365.cat\/<\/a> per nenes i nens.<\/li>\n<li><a href=\"https:\/\/www.ccma.cat\/tv3\/super3\/propostes-per-aquests-dies-que-no-pots-sortir-de-casa\/noticia\/2998422\/?ext=NW_BS3_butlleti-EXTRS3\">Aprendre sense sortir de casa.<\/a>Activitats recomanades pel Departament d\u2019Educaci\u00f3.<\/li>\n<li><a href=\"https:\/\/educacio.paeria.cat\/joemquedoacasa\">Recursos per a les fam\u00edlies <\/a>de la Regidoria d\u2019Educaci\u00f3, Cooperaci\u00f3, Drets Civils i Feminismes de la Paeria de Lleida.<\/li>\n<li>Podeu consultar tota la informaci\u00f3 sobre coronavirus als webs:<\/li>\n<\/ul>\n<p><a style=\"font-family: inherit; font-size: 1em;\" href=\"http:\/\/coronavirus.gencat.cat\/\">http:\/\/coronavirus.gencat.cat<\/a><span style=\"font-family: inherit; font-size: 1em;\">\u00a0(informaci\u00f3 general, consum, mobilitat\u2026)<\/span><\/p>\n<p><a href=\"http:\/\/canalsalut.gencat.cat\/ca\/inici\/\">http:\/\/canalsalut.gencat.cat\/ca\/inici\/<\/a>\u00a0(informaci\u00f3 sanit\u00e0ria)<\/p>\n<h2><strong>PROPOSTES PER A TOTS ELS CICLES:<\/strong><\/h2>\n<ul>\n<li><a href=\"https:\/\/web.editorialteide.com\/ca\/ens-quedem-a-casa\/\">Editorial Teide.<\/a><\/li>\n<li><a href=\"https:\/\/innovamat.com\/blog\/ca\/recursos\/families\/\">https:\/\/innovamat.com\/blog\/ca\/recursos\/families\/<\/a><\/li>\n<\/ul>\n<h2><strong>PROPOSTES PER A EDUCACI\u00d3 INFANTIL:<\/strong><\/h2>\n<p>Power Point: La primavera: <a href=\"https:\/\/drive.google.com\/open?id=11ehTjOC6dP8MAgjaZb4P0kEK7F-bjx4b\">https:\/\/drive.google.com\/open?id=11ehTjOC6dP8MAgjaZb4P0kEK7F-bjx4b<\/a><\/p>\n<p><span style=\"font-weight: 400;\">Aqu\u00ed teniu els enlla\u00e7os de les can\u00e7ons i del Jclic\u00a0 que heu trobat en al pdf de la Primavera.<\/span><\/p>\n<ul>\n<li><span style=\"font-weight: 400;\">\u201cLa primavera\u201d de Vivaldi.: <\/span><a style=\"font-family: inherit; font-size: 1em;\" href=\"https:\/\/www.youtube.com\/watch?v=ffldeFvGDcM\">https:\/\/www.youtube.com\/watch?v=ffldeFvGDcM<\/a><\/li>\n<li><span style=\"font-weight: 400;\">\u201cLes quatre estacions\u201d de D\u00e0maris Gelabert: <\/span><span style=\"font-weight: 400;\"><a style=\"font-family: inherit; font-size: 1em;\" href=\"https:\/\/www.youtube.com\/watch?v=acZUIUQS5Rg\">https:\/\/www.youtube.com\/watch?v=acZUIUQS5Rg<\/a><\/span><\/li>\n<li>\u201cLa primavera\u201d de D\u00e0maris Gelabert: <span style=\"font-weight: 400;\"><a style=\"font-family: inherit; font-size: 1em;\" href=\"https:\/\/www.youtube.com\/watch?v=K851gOYea1E\">https:\/\/www.youtube.com\/watch?v=K851gOYea1E<\/a><\/span><\/li>\n<li>\u201cEt dir\u00e9 un secret molt fi\u201d: <span style=\"font-weight: 400;\"><a style=\"font-family: inherit; font-size: 1em;\" href=\"https:\/\/www.youtube.com\/watch?v=_5tWseSXMSs\">https:\/\/www.youtube.com\/watch?v=_5tWseSXMSs<\/a><\/span><\/li>\n<li>Jclic\u201d La primavera\u201d: <span style=\"font-family: inherit; font-size: 1em;\">\u00a0<\/span><a style=\"font-family: inherit; font-size: 1em;\" href=\"https:\/\/clic.xtec.cat\/projects\/estacio2\/primaver\/jclic.js\/index.html\">https:\/\/clic.xtec.cat\/projects\/estacio2\/primaver\/jclic.js\/index.html<\/a><\/li>\n<\/ul>\n<h2><strong>PROPOSTES PER A CICLE INICIAL:<\/strong><\/h2>\n<p>Relacionades amb el projecte de la Fam\u00edlia:<\/p>\n<ul>\n<li>Conte: les fam\u00edlies s\u00f3n com els botons :\u00a0\u00a0<a href=\"https:\/\/www.youtube.com\/watch?v=rBFIL6D3zXM\" target=\"_blank\" rel=\"noopener noreferrer\" data-saferedirecturl=\"https:\/\/www.google.com\/url?q=https:\/\/www.youtube.com\/watch?v%3DrBFIL6D3zXM&amp;source=gmail&amp;ust=1585308742572000&amp;usg=AFQjCNGBNEx5R1zsHCxj7-cq2pi4aPJeyg\">https:\/\/www.youtube.com\/watch?<wbr \/>v=rBFIL6D3zXM<\/a><\/li>\n<li>tv3 : Amb ulls de nen. models familiars: <a href=\"https:\/\/www.youtube.com\/watch?v=TOx0fg6u8XY\" target=\"_blank\" rel=\"noopener noreferrer\" data-saferedirecturl=\"https:\/\/www.google.com\/url?q=https:\/\/www.youtube.com\/watch?v%3DTOx0fg6u8XY&amp;source=gmail&amp;ust=1585308742572000&amp;usg=AFQjCNFOad553kVXzJrL-CO1Kd1qEe9mLA\">https:\/\/www.youtube.com\/watch?<wbr \/>v=TOx0fg6u8XY<\/a><\/li>\n<li>Activitats de vocabulari i relacions familiars castell\u00e0\/angl\u00e8s: <a href=\"https:\/\/www.profedeele.es\/actividad\/vocabulario\/la-familia\/\" target=\"_blank\" rel=\"noopener noreferrer\" data-saferedirecturl=\"https:\/\/www.google.com\/url?q=https:\/\/www.profedeele.es\/actividad\/vocabulario\/la-familia\/&amp;source=gmail&amp;ust=1585308742572000&amp;usg=AFQjCNGb6fX6v0icg9GgCUjX8wt7CfYrgw\">https:\/\/www.profedeele.es\/<wbr \/>actividad\/vocabulario\/la-<wbr \/>familia\/<\/a><\/li>\n<\/ul>\n<h2><strong>PROPOSTES PER A CICLE MITJ\u00c0:\u00a0<\/strong><\/h2>\n<p>Relacionades amb el projecte:<\/p>\n<p><a href=\"https:\/\/drive.google.com\/file\/d\/178nJbLxAYaT9_AJnHAl7lHT12WFcHTyR\/view\">https:\/\/drive.google.com\/file\/d\/178nJbLxAYaT9_AJnHAl7lHT12WFcHTyR\/view<\/a><\/p>\n<h2><strong>PROPOSTES MUSICALS:<\/strong><\/h2>\n<p><a href=\"https:\/\/agora.xtec.cat\/esc-teresabergada\/general\/jocs-ritmics-2\/\">https:\/\/agora.xtec.cat\/esc-teresabergada\/general\/jocs-ritmics-2\/<\/a><\/p>\n<h2><strong>PROPOSTES D&#8217;ANGL\u00c8S:<\/strong><\/h2>\n<p><a href=\"https:\/\/agora.xtec.cat\/esc-teresabergada\/general\/lets-continue-learning-at-home\/\">https:\/\/agora.xtec.cat\/esc-teresabergada\/general\/lets-continue-learning-at-home\/<\/a><\/p>\n","protected":false},"excerpt":{"rendered":"<p>Benvolgudes fam\u00edlies,<br \/>\nPrimer de tot desitgem que us trobeu b\u00e9.<br \/>\nDavant les \u00faltimes not\u00edcies on l\u2019estat l\u2019alarma es prorroga, i aquesta situaci\u00f3 ens preocupa, el Claustre de mestres hem decidit que\u00a0 anirem penjant cada setmana al bloc\u00a0 uns suggeriments, recursos i\/o orientacions, tot recordant que aquestes tasques&hellip;  <a href=\"https:\/\/agora.xtec.cat\/esc-teresabergada\/general\/activitats-per-fer-a-casa-aquests-dies\/\" title=\"Read ACTIVITATS PER FER A CASA    AQUESTS DIES\">Llegeix m\u00e9s\u00bb<\/a><\/p>\n","protected":false},"author":1,"featured_media":6104,"comment_status":"open","ping_status":"closed","sticky":false,"template":"","format":"standard","meta":{"_bbp_topic_count":0,"_bbp_reply_count":0,"_bbp_total_topic_count":0,"_bbp_total_reply_count":0,"_bbp_voice_count":0,"_bbp_anonymous_reply_count":0,"_bbp_topic_count_hidden":0,"_bbp_reply_count_hidden":0,"_bbp_forum_subforum_count":0,"footnotes":""},"categories":[348,153,238,250,349,240,1,236,251,2,4],"tags":[468,61,467],"class_list":["post-6091","post","type-post","status-publish","format-standard","has-post-thumbnail","hentry","category-1r","category-2n","category-3r","category-4t","category-5e","category-6e","category-general","category-i4","category-i5","category-infantil","category-portada","tag-joemquedoacasa","tag-activitats","tag-casa"],"post_mailing_queue_ids":[],"_links":{"self":[{"href":"https:\/\/agora.xtec.cat\/esc-teresabergada\/wp-json\/wp\/v2\/posts\/6091","targetHints":{"allow":["GET"]}}],"collection":[{"href":"https:\/\/agora.xtec.cat\/esc-teresabergada\/wp-json\/wp\/v2\/posts"}],"about":[{"href":"https:\/\/agora.xtec.cat\/esc-teresabergada\/wp-json\/wp\/v2\/types\/post"}],"author":[{"embeddable":true,"href":"https:\/\/agora.xtec.cat\/esc-teresabergada\/wp-json\/wp\/v2\/users\/1"}],"replies":[{"embeddable":true,"href":"https:\/\/agora.xtec.cat\/esc-teresabergada\/wp-json\/wp\/v2\/comments?post=6091"}],"version-history":[{"count":3,"href":"https:\/\/agora.xtec.cat\/esc-teresabergada\/wp-json\/wp\/v2\/posts\/6091\/revisions"}],"predecessor-version":[{"id":6108,"href":"https:\/\/agora.xtec.cat\/esc-teresabergada\/wp-json\/wp\/v2\/posts\/6091\/revisions\/6108"}],"wp:featuredmedia":[{"embeddable":true,"href":"https:\/\/agora.xtec.cat\/esc-teresabergada\/wp-json\/wp\/v2\/media\/6104"}],"wp:attachment":[{"href":"https:\/\/agora.xtec.cat\/esc-teresabergada\/wp-json\/wp\/v2\/media?parent=6091"}],"wp:term":[{"taxonomy":"category","embeddable":true,"href":"https:\/\/agora.xtec.cat\/esc-teresabergada\/wp-json\/wp\/v2\/categories?post=6091"},{"taxonomy":"post_tag","embeddable":true,"href":"https:\/\/agora.xtec.cat\/esc-teresabergada\/wp-json\/wp\/v2\/tags?post=6091"}],"curies":[{"name":"wp","href":"https:\/\/api.w.org\/{rel}","templated":true}]}}