{"id":6016,"date":"2020-03-24T19:22:20","date_gmt":"2020-03-24T18:22:20","guid":{"rendered":"http:\/\/agora.xtec.cat\/esc-teresabergada\/?p=6016"},"modified":"2020-03-24T19:27:00","modified_gmt":"2020-03-24T18:27:00","slug":"em-quedo-a-casa","status":"publish","type":"post","link":"https:\/\/agora.xtec.cat\/esc-teresabergada\/general\/em-quedo-a-casa\/","title":{"rendered":"EM QUEDO A CASA"},"content":{"rendered":"<p>&nbsp;<\/p>\n<h1 class=\"story-leaf-title icon last-news\">Em quedo a casa: la nova can\u00e7\u00f3 de Xiula<\/h1>\n<p>\u2018<b>Em quedo a casa<\/b>\u2019 \u00e9s el t\u00edtol d\u2019una can\u00e7\u00f3\u00a0<b>creada en nom\u00e9s 24 hores i des de casa<\/b>. Per escriure-la, els Xiula van demanar l\u2019ajuda dels infants que estaven en la mateixa situaci\u00f3, i que els han enviat\u00a0<b>m\u00e9s de 200 v\u00eddeos<\/b>. El grup diu que s\u00f3n \u201cuna petita mostra de la\u00a0<b>creativitat de les fam\u00edlies\u00a0<\/b>i de la seva\u00a0<b>capacitat de resist\u00e8ncia<\/b>\u201d.<\/p>\n<p>Una\u00a0<b>lletra divertida<\/b>, una\u00a0<b>m\u00fasica enganxosa\u00a0<\/b>i imatges entranyables del que suposa el confinament per a milers de fam\u00edlies. I un missatge final molt clar: \u201c<b>CUIDEM-NOS<\/b>\u201d<\/p>\n<p>&nbsp;<\/p>\n<p>&amp;<iframe loading=\"lazy\" src=\"https:\/\/www.youtube.com\/embed\/FDlU71Rfh4g\" width=\"560\" height=\"315\" frameborder=\"0\"><\/iframe>;<\/p>\n<p><b>Lletra:<\/b><\/p>\n<p>Ha arribat el Covid-19, \u00e9s un virus totalment nou.<\/p>\n<p>Tot s\u2019ha convertit en un xou, fins que juntes li diguem prou.<\/p>\n<p>Ei, Covid, et dedico aquest beat.<\/p>\n<p>Com pots donar tants problemes sent un virus tan petit.<\/p>\n<p>I perqu\u00e8 portes corona et penses que ets el rei.<\/p>\n<p>Per\u00f2 aqu\u00ed a la monarquia ja li estem buscant remei.<\/p>\n<p>Que ve de la Xina per\u00f2 ens afecta a totes.<\/p>\n<p>A la teva ve\u00efna, a tot el que t\u00e9 potes.<\/p>\n<p>I que r\u00e0pid t\u2019encomanes, fins i tot persones sanes.<\/p>\n<p>Que mengem verdura i peix totes totes les setmanes.<\/p>\n<p>I ara sento com si abans f\u00f3ssim tots un p\u00e8l marrans.<\/p>\n<p>Perqu\u00e8 sembla que no est\u00e0vem rentant-nos molt b\u00e9 les mans.<\/p>\n<p>M\u00e9s pesat que un poll, m\u00e9s odi\u00f3s que un moc, em fas anar de corcoll, per\u00f2 tu no saps qui soc.<\/p>\n<p>Tothom fa molt soroll, per\u00f2 tu a mi no em calles.<\/p>\n<p>No deixar\u00e9 que encomanis ni als avis ni a les iaies.<\/p>\n<p>Sort que a tots els hospitals, hi ha cents de professionals.<\/p>\n<p>Mirem de no saturar-los, vols que ens curin tots els mals?<\/p>\n<p>Coronavirus, no te\u2019n vas ni a \u2018tiros\u2019.<\/p>\n<p>Com em canses, tinc esgarrifances quan et miro.<\/p>\n<p>Si tota la gent, est\u00e0 m\u00e9s conscient, no vagis a la pelu a fer-te la permanent.<\/p>\n<p>Tu marxar\u00e0s i aix\u00ed tindrem uns \u2018respiros\u2019.<\/p>\n<p>I perqu\u00e8 ara no s\u2019escampi, i que el virus no ens enxampi,<\/p>\n<p>tots arreplegats a casa, res de platja, res de c\u00e0mping!<\/p>\n<p>L\u2019escola tancada, la fam\u00edlia confinada.<\/p>\n<p>Som la penya confiada i farem fruita confitada.<\/p>\n<p>\u00c9s l\u2019hora de les manualitats, explorem totes les possibilitats.<\/p>\n<p>Quatre parets per\u00f2 no hem d\u2019estar parats.<\/p>\n<p>Comen\u00e7a a inventar-te un mili\u00f3 d\u2019activitats.<\/p>\n<p>I potser una soluci\u00f3, doncs pot ser l\u2019ordinador.<\/p>\n<p>Tu sol busca el control, ja saps qu\u00e8 diu la can\u00e7\u00f3: Si et passes de pantalles, s\u2019apaguen les rialles.<\/p>\n<p>I altra vegada t\u2019omples de teledeixalles.<\/p>\n<p>\u00c9s moment de cuidar-se, molt de temps per abra\u00e7ar-se.<\/p>\n<p>Ara que no juga el Bar\u00e7a, un sof\u00e0 per retrobar-se.<\/p>\n<p>I en una ocasi\u00f3 com aquesta mirem qu\u00e8 suma, mirem qu\u00e8 resta.<\/p>\n<p>Tot respirant i amb espais en blanc. Que la casa sigui una festa!<\/p>\n<p>Coronavirus, no te\u2019n vas ni a \u2018tiros\u2019.<\/p>\n<p>Com em canses, tinc esgarrifances quan et miro.<\/p>\n<p>Si tota la gent, est\u00e0 m\u00e9s conscient, no vagis a la pelu a fer-te la permanent.<\/p>\n<p>Marxar\u00e0s i aix\u00ed tindrem uns \u2018respiros\u2019.<\/p>\n<p>I ara molta paci\u00e8ncia i esperar que la ci\u00e8ncia trobi la vacuna i tinguem tot d\u2019una una mica m\u00e9s de consci\u00e8ncia,<\/p>\n<p>Sents que tens un volc\u00e0 i a punt d\u2019explotar el cr\u00e0ter.<\/p>\n<p>Et pots relaxar, fes ioga,\u00a0<i>be water<\/i>.<\/p>\n<p>Abans de l\u2019\u2019enfado\u2019 escolta la M\u00edriam Tirado.<\/p>\n<p>Creu-me que la soluci\u00f3 no \u00e9s anar a comprar paper de v\u00e0ter.<\/p>\n<p>Si et b\u00e9 una bona idea, agafa paper i escriu-la.<\/p>\n<p>No et quedis enrabiat perqu\u00e8 no hi ha concert de Xiula.<\/p>\n<p>Trobes a faltar els amics, no es compensa ni amb Netflix.<\/p>\n<p>Per\u00f2 pensa que la recompensa escalfa m\u00e9s que els abrics.<\/p>\n<p>Perqu\u00e8 aquesta quarantena, \u00e9s pel nen i per la nena.<\/p>\n<p>Ja tinguis la casa buida, ja tinguis la casa plena.<\/p>\n<p>I aprofita aquests dies per mirar el costat bo: La ciutat que somnies sense contaminaci\u00f3.<\/p>\n<p>I aquest gest que fas, aquest gran sacrifici, pren-t\u2019ho com un nou pas, que pot ser un nou inici.<\/p>\n<p>I ara virus, ja ho saps, m\u2019has donat molt la brasa.<\/p>\n<p>Per\u00f2 no resistir\u00e0s, perqu\u00e8 jo em quedo a casa!<\/p>\n<p>Coronavirus, no te\u2019n vas ni a \u2018tiros\u2019.<\/p>\n<p>Com em canses, tinc esgarrifances quan et miro.<\/p>\n<p>Si tota la gent, est\u00e0 m\u00e9s conscient, no vagis a la pelu a fer-te la permanent.<\/p>\n<p>Marxar\u00e0s i aix\u00ed tindrem uns \u2018respiros\u2019.<\/p>\n","protected":false},"excerpt":{"rendered":"<p>&nbsp;<br \/>\nEm quedo a casa: la nova can\u00e7\u00f3 de Xiula<br \/>\n\u2018Em quedo a casa\u2019 \u00e9s el t\u00edtol d\u2019una can\u00e7\u00f3\u00a0creada en nom\u00e9s 24 hores i des de casa. Per escriure-la, els Xiula van demanar l\u2019ajuda dels infants que estaven en la mateixa situaci\u00f3, i que els han enviat\u00a0m\u00e9s&hellip;  <a href=\"https:\/\/agora.xtec.cat\/esc-teresabergada\/general\/em-quedo-a-casa\/\" title=\"Read EM QUEDO A CASA\">Llegeix m\u00e9s\u00bb<\/a><\/p>\n","protected":false},"author":1,"featured_media":0,"comment_status":"open","ping_status":"closed","sticky":false,"template":"","format":"standard","meta":{"_bbp_topic_count":0,"_bbp_reply_count":0,"_bbp_total_topic_count":0,"_bbp_total_reply_count":0,"_bbp_voice_count":0,"_bbp_anonymous_reply_count":0,"_bbp_topic_count_hidden":0,"_bbp_reply_count_hidden":0,"_bbp_forum_subforum_count":0,"footnotes":""},"categories":[1,104],"tags":[100,135,257,121,463,77,56],"class_list":["post-6016","post","type-post","status-publish","format-standard","hentry","category-general","category-musica","tag-canco","tag-cicle-inicial","tag-cicle-mijta","tag-educacio-infantil","tag-emquedoacasa","tag-escola","tag-musica"],"post_mailing_queue_ids":[],"_links":{"self":[{"href":"https:\/\/agora.xtec.cat\/esc-teresabergada\/wp-json\/wp\/v2\/posts\/6016","targetHints":{"allow":["GET"]}}],"collection":[{"href":"https:\/\/agora.xtec.cat\/esc-teresabergada\/wp-json\/wp\/v2\/posts"}],"about":[{"href":"https:\/\/agora.xtec.cat\/esc-teresabergada\/wp-json\/wp\/v2\/types\/post"}],"author":[{"embeddable":true,"href":"https:\/\/agora.xtec.cat\/esc-teresabergada\/wp-json\/wp\/v2\/users\/1"}],"replies":[{"embeddable":true,"href":"https:\/\/agora.xtec.cat\/esc-teresabergada\/wp-json\/wp\/v2\/comments?post=6016"}],"version-history":[{"count":2,"href":"https:\/\/agora.xtec.cat\/esc-teresabergada\/wp-json\/wp\/v2\/posts\/6016\/revisions"}],"predecessor-version":[{"id":6019,"href":"https:\/\/agora.xtec.cat\/esc-teresabergada\/wp-json\/wp\/v2\/posts\/6016\/revisions\/6019"}],"wp:attachment":[{"href":"https:\/\/agora.xtec.cat\/esc-teresabergada\/wp-json\/wp\/v2\/media?parent=6016"}],"wp:term":[{"taxonomy":"category","embeddable":true,"href":"https:\/\/agora.xtec.cat\/esc-teresabergada\/wp-json\/wp\/v2\/categories?post=6016"},{"taxonomy":"post_tag","embeddable":true,"href":"https:\/\/agora.xtec.cat\/esc-teresabergada\/wp-json\/wp\/v2\/tags?post=6016"}],"curies":[{"name":"wp","href":"https:\/\/api.w.org\/{rel}","templated":true}]}}