{"id":5967,"date":"2020-03-16T17:06:26","date_gmt":"2020-03-16T16:06:26","guid":{"rendered":"http:\/\/agora.xtec.cat\/esc-teresabergada\/?p=5967"},"modified":"2020-03-17T16:16:05","modified_gmt":"2020-03-17T15:16:05","slug":"anul%c2%b7lacio-jornada-de-portes-obertes-2020-2021","status":"publish","type":"post","link":"https:\/\/agora.xtec.cat\/esc-teresabergada\/general\/anul%c2%b7lacio-jornada-de-portes-obertes-2020-2021\/","title":{"rendered":"ANUL\u00b7LACI\u00d3 JORNADA DE PORTES OBERTES 2020\/2021"},"content":{"rendered":"<p><img loading=\"lazy\" decoding=\"async\" class=\"aligncenter size-medium wp-image-5968\" src=\"https:\/\/agora.xtec.cat\/esc-teresabergada\/wp-content\/uploads\/usu1533\/2020\/03\/Cartell-i-D\u00edptic-Portes-obertes-212x300.jpg\" alt=\"\" width=\"212\" height=\"300\" \/><\/p>\n<p>Com molts de vosaltres ja sabeu, ten\u00edem prevista la Jornada de Portes Obertes\u00a0pel proper dia 18 de mar\u00e7, per\u00f2 davant la situaci\u00f3 extraordin\u00e0ria que estem vivim, ens veiem obligats a suprimir-la.<\/p>\n<p>En aquests moments tampoc sabem si es podr\u00e0 dur a terme aquesta jornada.<\/p>\n<p>Moltes gr\u00e0cies.<\/p>\n","protected":false},"excerpt":{"rendered":"<p>Com molts de vosaltres ja sabeu, ten\u00edem prevista la Jornada de Portes Obertes\u00a0pel proper dia 18 de mar\u00e7, per\u00f2 davant la situaci\u00f3 extraordin\u00e0ria que estem vivim, ens veiem obligats a suprimir-la.<br \/>\nEn aquests moments tampoc sabem si es podr\u00e0 dur a terme aquesta jornada.<br \/>\nMoltes gr\u00e0cies.<\/p>\n","protected":false},"author":1,"featured_media":0,"comment_status":"open","ping_status":"closed","sticky":false,"template":"","format":"standard","meta":{"_bbp_topic_count":0,"_bbp_reply_count":0,"_bbp_total_topic_count":0,"_bbp_total_reply_count":0,"_bbp_voice_count":0,"_bbp_anonymous_reply_count":0,"_bbp_topic_count_hidden":0,"_bbp_reply_count_hidden":0,"_bbp_forum_subforum_count":0,"footnotes":""},"categories":[1,4],"tags":[],"class_list":["post-5967","post","type-post","status-publish","format-standard","hentry","category-general","category-portada"],"post_mailing_queue_ids":[],"_links":{"self":[{"href":"https:\/\/agora.xtec.cat\/esc-teresabergada\/wp-json\/wp\/v2\/posts\/5967","targetHints":{"allow":["GET"]}}],"collection":[{"href":"https:\/\/agora.xtec.cat\/esc-teresabergada\/wp-json\/wp\/v2\/posts"}],"about":[{"href":"https:\/\/agora.xtec.cat\/esc-teresabergada\/wp-json\/wp\/v2\/types\/post"}],"author":[{"embeddable":true,"href":"https:\/\/agora.xtec.cat\/esc-teresabergada\/wp-json\/wp\/v2\/users\/1"}],"replies":[{"embeddable":true,"href":"https:\/\/agora.xtec.cat\/esc-teresabergada\/wp-json\/wp\/v2\/comments?post=5967"}],"version-history":[{"count":3,"href":"https:\/\/agora.xtec.cat\/esc-teresabergada\/wp-json\/wp\/v2\/posts\/5967\/revisions"}],"predecessor-version":[{"id":5989,"href":"https:\/\/agora.xtec.cat\/esc-teresabergada\/wp-json\/wp\/v2\/posts\/5967\/revisions\/5989"}],"wp:attachment":[{"href":"https:\/\/agora.xtec.cat\/esc-teresabergada\/wp-json\/wp\/v2\/media?parent=5967"}],"wp:term":[{"taxonomy":"category","embeddable":true,"href":"https:\/\/agora.xtec.cat\/esc-teresabergada\/wp-json\/wp\/v2\/categories?post=5967"},{"taxonomy":"post_tag","embeddable":true,"href":"https:\/\/agora.xtec.cat\/esc-teresabergada\/wp-json\/wp\/v2\/tags?post=5967"}],"curies":[{"name":"wp","href":"https:\/\/api.w.org\/{rel}","templated":true}]}}