{"id":5944,"date":"2020-03-08T23:19:50","date_gmt":"2020-03-08T22:19:50","guid":{"rendered":"http:\/\/agora.xtec.cat\/esc-teresabergada\/?p=5944"},"modified":"2020-09-07T18:02:22","modified_gmt":"2020-09-07T16:02:22","slug":"aficions-compartides-patinatge","status":"publish","type":"post","link":"https:\/\/agora.xtec.cat\/esc-teresabergada\/general\/aficions-compartides-patinatge\/","title":{"rendered":"Aficions Compartides: Patinatge."},"content":{"rendered":"<p>La Diana i la Luc\u00eda acompanyades de la seva fam\u00edlia ens han fet una exhibici\u00f3 de la seva afici\u00f3: El patinatge.<\/p>\n<p>Tots els nens i nenes de la classe dels Esportistes hem pogut practicar el patinatge amb els patins que han portat. Ha resultat for\u00e7a dif\u00edcil i hem necessitat ajuda per poder mantenir l\u2019equilibri a sobre dels patins.<\/p>\n<p>Despr\u00e9s ens han ensenyat els mallots que cal portar per entrenar i per fer competicions.<\/p>\n<p>Ens ho hem passat genial!<\/p>\n<p>Gr\u00e0cies a totes les fam\u00edlies per la vostra col\u00b7laboraci\u00f3 .<\/p>\n<p>Cliqueu a la foto per veure les imatges.<\/p>\n<p><a href=\"https:\/\/photos.app.goo.gl\/1CsZwnXwM7wEEAE6A\"><img loading=\"lazy\" decoding=\"async\" class=\"alignnone size-large wp-image-5946\" src=\"https:\/\/agora.xtec.cat\/esc-teresabergada\/wp-content\/uploads\/usu1533\/2020\/03\/IMG_20200306_155756-1024x768.jpg\" alt=\"\" width=\"1024\" height=\"768\" \/><\/a><\/p>\n<p>&nbsp;<\/p>\n","protected":false},"excerpt":{"rendered":"<p>AFICIONS COMPARTIDES: PATINATGE.&hellip;  <a href=\"https:\/\/agora.xtec.cat\/esc-teresabergada\/general\/aficions-compartides-patinatge\/\" title=\"Read Aficions Compartides: Patinatge.\">Llegeix m\u00e9s\u00bb<\/a><\/p>\n","protected":false},"author":1,"featured_media":0,"comment_status":"open","ping_status":"closed","sticky":false,"template":"","format":"standard","meta":{"_bbp_topic_count":0,"_bbp_reply_count":0,"_bbp_total_topic_count":0,"_bbp_total_reply_count":0,"_bbp_voice_count":0,"_bbp_anonymous_reply_count":0,"_bbp_topic_count_hidden":0,"_bbp_reply_count_hidden":0,"_bbp_forum_subforum_count":0,"footnotes":""},"categories":[348,1,2],"tags":[446,448],"class_list":["post-5944","post","type-post","status-publish","format-standard","hentry","category-1r","category-general","category-infantil","tag-aficions","tag-aficions-compartides"],"post_mailing_queue_ids":[],"_links":{"self":[{"href":"https:\/\/agora.xtec.cat\/esc-teresabergada\/wp-json\/wp\/v2\/posts\/5944","targetHints":{"allow":["GET"]}}],"collection":[{"href":"https:\/\/agora.xtec.cat\/esc-teresabergada\/wp-json\/wp\/v2\/posts"}],"about":[{"href":"https:\/\/agora.xtec.cat\/esc-teresabergada\/wp-json\/wp\/v2\/types\/post"}],"author":[{"embeddable":true,"href":"https:\/\/agora.xtec.cat\/esc-teresabergada\/wp-json\/wp\/v2\/users\/1"}],"replies":[{"embeddable":true,"href":"https:\/\/agora.xtec.cat\/esc-teresabergada\/wp-json\/wp\/v2\/comments?post=5944"}],"version-history":[{"count":2,"href":"https:\/\/agora.xtec.cat\/esc-teresabergada\/wp-json\/wp\/v2\/posts\/5944\/revisions"}],"predecessor-version":[{"id":5950,"href":"https:\/\/agora.xtec.cat\/esc-teresabergada\/wp-json\/wp\/v2\/posts\/5944\/revisions\/5950"}],"wp:attachment":[{"href":"https:\/\/agora.xtec.cat\/esc-teresabergada\/wp-json\/wp\/v2\/media?parent=5944"}],"wp:term":[{"taxonomy":"category","embeddable":true,"href":"https:\/\/agora.xtec.cat\/esc-teresabergada\/wp-json\/wp\/v2\/categories?post=5944"},{"taxonomy":"post_tag","embeddable":true,"href":"https:\/\/agora.xtec.cat\/esc-teresabergada\/wp-json\/wp\/v2\/tags?post=5944"}],"curies":[{"name":"wp","href":"https:\/\/api.w.org\/{rel}","templated":true}]}}