{"id":5932,"date":"2020-03-07T17:26:09","date_gmt":"2020-03-07T16:26:09","guid":{"rendered":"http:\/\/agora.xtec.cat\/esc-teresabergada\/?p=5932"},"modified":"2020-09-09T22:27:39","modified_gmt":"2020-09-09T20:27:39","slug":"colonies-al-camp-daprenentatge-de-la-garrotxa","status":"publish","type":"post","link":"https:\/\/agora.xtec.cat\/esc-teresabergada\/general\/colonies-al-camp-daprenentatge-de-la-garrotxa\/","title":{"rendered":"COL\u00d2NIES AL CAMP D&#8217;APRENENTATGE DE LA GARROTXA"},"content":{"rendered":"<p>Els dies 4, 5 i 6 de mar\u00e7 els i les alumnes de cicle superior hem estat de col\u00f2nies per la zona volc\u00e1nica de la Garrotxa.<\/p>\n<p style=\"text-align: justify;\">Durant aquests dies hem realitzat diferents activitats de descoberta de l&#8217;entorn en les que ens han acompanyat les nostres mestres i tamb\u00e9 els monitors i monitores del Camp d&#8217;Aprenentatge: la Susanna, la Laura i el Cesc.<\/p>\n<p style=\"text-align: justify;\">El primer dia ens vam instal\u00b7lar a l&#8217;Alberg Torre Malagrida, antiga casa senyorial. Durant el mat\u00ed vam passejar-nos pel nucli hist\u00f2ric i comercial de la ciutat, el qual t\u00e9 molt d&#8217;encant i s&#8217;hi troben diversos edificis modernistes. Hem de dir que Olot es troba enmig de quatre volcans, la qual cosa la fa una ciutat molt singular.<\/p>\n<p style=\"text-align: justify;\">Per la tarda vam estar gaudint de la zona del Parc Nou i vam poder visitar el Museu dels Volcans. Ens va resultar molt interessant tot el que vam poder veure i ens an\u00e0vem explicant relacionat amb els fen\u00f2mens s\u00edsmics, el vulcanisme i els ecosistemes de la zona. A m\u00e9s, vam poder experimentar la simulaci\u00f3 d&#8217;un terratr\u00e8mol.<\/p>\n<p style=\"text-align: justify;\">Per la nit, un divertit joc de pistes i a dormir!! Era el primer dia i a alguns ens va costar una mica.<\/p>\n<p style=\"text-align: justify;\">El segon dia ens va tocar caminar una mica m\u00e9s, per\u00f2 va valer la pena!! Durant el mat\u00ed vam visitar els volcans Croscat i Santa Margarida. Volcans diferents en quan a la seva forma i cadascun amb les seves curiositats. Vam gaudir molt del paisatge de la zona. Molta verdor i una terra amb varietat de colors!!<\/p>\n<p style=\"text-align: justify;\">Per la tarda, la Fageda d&#8217;en Jord\u00e0. Es tracta d&#8217;un bosc de faigs, com de conte de fades, el qual creix sobre una colada de lava del volc\u00e0 Croscat. Aquest indret ens va semblar fascinant, i sabem que ha servit d&#8217;inspiraci\u00f3 a alguns artistes.<\/p>\n<p style=\"text-align: justify;\">Havia estat un dia intens, per\u00f2 encara ens quedava energia&#8230; I a la nit, com no pot faltar en unes col\u00f2nies, nit de discoteca! tots vam moure el cos al ritme de la m\u00fasica!!<\/p>\n<p style=\"text-align: justify;\">Ja divendres. Era l&#8217;ultim dia de la nostra estada a la Garrotxa. Primer, tots junts, vam realizar un experiment que simulava l&#8217;erupci\u00f3 d&#8217;un volc\u00e0. Despr\u00e8s vam juntar-nos per grups i vam realitzar un taller de maquetes. Es tractava de construir una maqueta, amb cartr\u00f3 i porexpan, d&#8217;un dels volcans que hav\u00edem visitat. Per a construir-la hav\u00edem de tenir en compte les corbes de nivell. Un cop fetes, vam poder pintar-les. Ens va agradar molt el taller i les maquetes ens van quedar molt xules. Les exposarem a l&#8217;escola per a qu\u00e8 les pugueu veure.<\/p>\n<p style=\"text-align: justify;\">Despr\u00e8s d&#8217;aix\u00f2, temps lliure, dinar i tornada a casa.<\/p>\n<p style=\"text-align: justify;\">Ens ho hem passat molt b\u00e9 durant aquestes col\u00f2nies!! Hem apr\u00e8s moltes coses, hem gaudit del paissatge i hem gaudit i apr\u00e8s de la conviv\u00e8ncia amb els nostres companys i companyes!<\/p>\n<h3><a href=\"https:\/\/photos.app.goo.gl\/p6fY7x65GU3SwW8ZA\" target=\"_blank\" rel=\"noopener noreferrer\"><strong>RECULL DE FOTOGRAFIES<\/strong><\/a><\/h3>\n","protected":false},"excerpt":{"rendered":"<p>Els dies 4, 5 i 6 de mar\u00e7 els i les alumnes de cicle superior hem estat de col\u00f2nies per la zona volc\u00e1nica de la Garrotxa.<br \/>\nDurant aquests dies hem realitzat diferents activitats de descoberta de l&#8217;entorn en les que ens han acompanyat les nostres mestres&hellip;  <a href=\"https:\/\/agora.xtec.cat\/esc-teresabergada\/general\/colonies-al-camp-daprenentatge-de-la-garrotxa\/\" title=\"Read COL\u00d2NIES AL CAMP D&#8217;APRENENTATGE DE LA GARROTXA\">Llegeix m\u00e9s\u00bb<\/a><\/p>\n","protected":false},"author":1,"featured_media":0,"comment_status":"open","ping_status":"closed","sticky":false,"template":"","format":"standard","meta":{"_bbp_topic_count":0,"_bbp_reply_count":0,"_bbp_total_topic_count":0,"_bbp_total_reply_count":0,"_bbp_voice_count":0,"_bbp_anonymous_reply_count":0,"_bbp_topic_count_hidden":0,"_bbp_reply_count_hidden":0,"_bbp_forum_subforum_count":0,"footnotes":""},"categories":[240,1],"tags":[],"class_list":["post-5932","post","type-post","status-publish","format-standard","hentry","category-6e","category-general"],"post_mailing_queue_ids":[],"_links":{"self":[{"href":"https:\/\/agora.xtec.cat\/esc-teresabergada\/wp-json\/wp\/v2\/posts\/5932","targetHints":{"allow":["GET"]}}],"collection":[{"href":"https:\/\/agora.xtec.cat\/esc-teresabergada\/wp-json\/wp\/v2\/posts"}],"about":[{"href":"https:\/\/agora.xtec.cat\/esc-teresabergada\/wp-json\/wp\/v2\/types\/post"}],"author":[{"embeddable":true,"href":"https:\/\/agora.xtec.cat\/esc-teresabergada\/wp-json\/wp\/v2\/users\/1"}],"replies":[{"embeddable":true,"href":"https:\/\/agora.xtec.cat\/esc-teresabergada\/wp-json\/wp\/v2\/comments?post=5932"}],"version-history":[{"count":3,"href":"https:\/\/agora.xtec.cat\/esc-teresabergada\/wp-json\/wp\/v2\/posts\/5932\/revisions"}],"predecessor-version":[{"id":7552,"href":"https:\/\/agora.xtec.cat\/esc-teresabergada\/wp-json\/wp\/v2\/posts\/5932\/revisions\/7552"}],"wp:attachment":[{"href":"https:\/\/agora.xtec.cat\/esc-teresabergada\/wp-json\/wp\/v2\/media?parent=5932"}],"wp:term":[{"taxonomy":"category","embeddable":true,"href":"https:\/\/agora.xtec.cat\/esc-teresabergada\/wp-json\/wp\/v2\/categories?post=5932"},{"taxonomy":"post_tag","embeddable":true,"href":"https:\/\/agora.xtec.cat\/esc-teresabergada\/wp-json\/wp\/v2\/tags?post=5932"}],"curies":[{"name":"wp","href":"https:\/\/api.w.org\/{rel}","templated":true}]}}