{"id":5929,"date":"2020-03-15T13:21:57","date_gmt":"2020-03-15T12:21:57","guid":{"rendered":"http:\/\/agora.xtec.cat\/esc-teresabergada\/?p=5929"},"modified":"2020-03-15T13:38:44","modified_gmt":"2020-03-15T12:38:44","slug":"biblioteca-i-escola-compartint-racons","status":"publish","type":"post","link":"https:\/\/agora.xtec.cat\/esc-teresabergada\/blocs-de-primaria\/6e\/biblioteca-i-escola-compartint-racons\/","title":{"rendered":"Biblioteca i escola, compartint racons"},"content":{"rendered":"<p style=\"text-align: justify;\">Com b\u00e9 sabeu, l&#8217;alumnat de cicle superior hem engegat el nostre segon projecte del curs, LA TERRA, i necessitem un bon fons bibliogr\u00e0fic per ampliar coneixements i que els aprenentatges siguin molt m\u00e9s rics.<\/p>\n<p style=\"text-align: justify;\">\u00c9s aix\u00ed, com despr\u00e9s de la visita per celebrar els 30 anys de la biblioteca municipal d&#8217;Alguaire, la Norma ens fa la seg\u00fcent proposta:<\/p>\n<p style=\"text-align: center;\"><strong>gaudir i aprendre amb el centre d&#8217;inter\u00e9s La Terra que properament ocupar\u00e0 un bonic espai.<\/strong><\/p>\n<p><img loading=\"lazy\" decoding=\"async\" class=\"size-full wp-image-5962 aligncenter\" src=\"https:\/\/agora.xtec.cat\/esc-teresabergada\/wp-content\/uploads\/usu1533\/2020\/03\/biblio-alguaire.jpg\" alt=\"\" width=\"512\" height=\"384\" \/><\/p>\n","protected":false},"excerpt":{"rendered":"<p>Com b\u00e9 sabeu, l&#8217;alumnat de cicle superior hem engegat el nostre segon projecte del curs, LA TERRA, i necessitem un bon fons bibliogr\u00e0fic per ampliar coneixements i que els aprenentatges siguin molt m\u00e9s rics.<br \/>\n\u00c9s aix\u00ed, com despr\u00e9s de la visita per celebrar els 30 anys&hellip;  <a href=\"https:\/\/agora.xtec.cat\/esc-teresabergada\/blocs-de-primaria\/6e\/biblioteca-i-escola-compartint-racons\/\" title=\"Read Biblioteca i escola, compartint racons\">Llegeix m\u00e9s\u00bb<\/a><\/p>\n","protected":false},"author":1,"featured_media":0,"comment_status":"open","ping_status":"closed","sticky":false,"template":"","format":"standard","meta":{"_bbp_topic_count":0,"_bbp_reply_count":0,"_bbp_total_topic_count":0,"_bbp_total_reply_count":0,"_bbp_voice_count":0,"_bbp_anonymous_reply_count":0,"_bbp_topic_count_hidden":0,"_bbp_reply_count_hidden":0,"_bbp_forum_subforum_count":0,"footnotes":""},"categories":[240],"tags":[166,362,63],"class_list":["post-5929","post","type-post","status-publish","format-standard","hentry","category-6e","tag-biblioteca","tag-fem-poble","tag-lectura"],"post_mailing_queue_ids":[],"_links":{"self":[{"href":"https:\/\/agora.xtec.cat\/esc-teresabergada\/wp-json\/wp\/v2\/posts\/5929","targetHints":{"allow":["GET"]}}],"collection":[{"href":"https:\/\/agora.xtec.cat\/esc-teresabergada\/wp-json\/wp\/v2\/posts"}],"about":[{"href":"https:\/\/agora.xtec.cat\/esc-teresabergada\/wp-json\/wp\/v2\/types\/post"}],"author":[{"embeddable":true,"href":"https:\/\/agora.xtec.cat\/esc-teresabergada\/wp-json\/wp\/v2\/users\/1"}],"replies":[{"embeddable":true,"href":"https:\/\/agora.xtec.cat\/esc-teresabergada\/wp-json\/wp\/v2\/comments?post=5929"}],"version-history":[{"count":3,"href":"https:\/\/agora.xtec.cat\/esc-teresabergada\/wp-json\/wp\/v2\/posts\/5929\/revisions"}],"predecessor-version":[{"id":5964,"href":"https:\/\/agora.xtec.cat\/esc-teresabergada\/wp-json\/wp\/v2\/posts\/5929\/revisions\/5964"}],"wp:attachment":[{"href":"https:\/\/agora.xtec.cat\/esc-teresabergada\/wp-json\/wp\/v2\/media?parent=5929"}],"wp:term":[{"taxonomy":"category","embeddable":true,"href":"https:\/\/agora.xtec.cat\/esc-teresabergada\/wp-json\/wp\/v2\/categories?post=5929"},{"taxonomy":"post_tag","embeddable":true,"href":"https:\/\/agora.xtec.cat\/esc-teresabergada\/wp-json\/wp\/v2\/tags?post=5929"}],"curies":[{"name":"wp","href":"https:\/\/api.w.org\/{rel}","templated":true}]}}