{"id":5919,"date":"2020-03-05T22:03:15","date_gmt":"2020-03-05T21:03:15","guid":{"rendered":"http:\/\/agora.xtec.cat\/esc-teresabergada\/?p=5919"},"modified":"2020-03-05T22:14:46","modified_gmt":"2020-03-05T21:14:46","slug":"la-rateta-merli","status":"publish","type":"post","link":"https:\/\/agora.xtec.cat\/esc-teresabergada\/infantil\/la-rateta-merli\/","title":{"rendered":"LA RATETA MERLI."},"content":{"rendered":"<p>A la Biblioteca Josep Lladonosa i Pujol d&#8217;Alguaire se celebra el 30\u00e8 aniversari de la seva creaci\u00f3. S&#8217;ha fet la proposta de crear una mascota de la Biblioteca i han volgut que tots els nens de l&#8217;escola participin en la sel\u00b7lecci\u00f3 del seu nom. Finalment la proposta m\u00e9s votada ha estat la Rateta Merli, un nom ben alguairenc.<\/p>\n<p><a href=\"https:\/\/agora.xtec.cat\/esc-teresabergada\/wp-content\/uploads\/usu1533\/2020\/03\/rsz_img_20200303_095842.jpg\"><img loading=\"lazy\" decoding=\"async\" class=\"wp-image-5924 aligncenter\" src=\"https:\/\/agora.xtec.cat\/esc-teresabergada\/wp-content\/uploads\/usu1533\/2020\/03\/rsz_img_20200303_095842-1024x768.jpg\" alt=\"\" width=\"438\" height=\"328\" \/> \u00a0 \u00a0 \u00a0 \u00a0 \u00a0 \u00a0 \u00a0 \u00a0 \u00a0 \u00a0 \u00a0 \u00a0 \u00a0 \u00a0 \u00a0 \u00a0 \u00a0 \u00a0 \u00a0 \u00a0\u00a0<\/a><\/p>\n<p>Aquest dimarts hem anat a con\u00e8ixer la flamant mascota i la Norma ens ha rebut amb els bra\u00e7os oberts, com sempre. Tamb\u00e9 hem tingut l&#8217;honor que la Carme, la seva creadora, amenitzi la presentaci\u00f3 de la Merli. Ha estat tot molt emocionant i interessant. La Norma ha aprofitat per explicar-nos dos contes de ratolins for\u00e7a engrescadors. Moltes gr\u00e0cies!<\/p>\n<p><a href=\"https:\/\/agora.xtec.cat\/esc-teresabergada\/wp-content\/uploads\/usu1533\/2020\/03\/conte-2.jpg\">\u00a0 \u00a0 \u00a0 \u00a0 \u00a0 <img loading=\"lazy\" decoding=\"async\" class=\"alignnone size-full wp-image-5923\" src=\"https:\/\/agora.xtec.cat\/esc-teresabergada\/wp-content\/uploads\/usu1533\/2020\/03\/conte-2.jpg\" alt=\"\" width=\"304\" height=\"320\" \/><\/a> \u00a0 \u00a0 \u00a0 \u00a0 \u00a0 \u00a0 \u00a0 \u00a0 \u00a0 \u00a0 \u00a0 \u00a0 \u00a0 \u00a0 \u00a0 \u00a0 \u00a0 \u00a0 \u00a0 \u00a0 \u00a0 \u00a0 \u00a0 \u00a0 \u00a0 <a href=\"https:\/\/agora.xtec.cat\/esc-teresabergada\/wp-content\/uploads\/usu1533\/2020\/03\/conte-1.jpg\"><img loading=\"lazy\" decoding=\"async\" class=\"alignnone size-full wp-image-5922\" src=\"https:\/\/agora.xtec.cat\/esc-teresabergada\/wp-content\/uploads\/usu1533\/2020\/03\/conte-1.jpg\" alt=\"\" width=\"240\" height=\"300\" \/><\/a><\/p>\n<p>&nbsp;<\/p>\n<p>Cliqueu <a href=\"https:\/\/photos.app.goo.gl\/XLJ2o532h2iAABP56\"><em><strong>aqu\u00ed<\/strong><\/em><\/a> per veure les fotografies de l&#8217;esdeveniment.<\/p>\n","protected":false},"excerpt":{"rendered":"<p>A la Biblioteca Josep Lladonosa i Pujol d&#8217;Alguaire se celebra el 30\u00e8 aniversari de la seva creaci\u00f3. S&#8217;ha fet la proposta de crear una mascota de la Biblioteca i han volgut que tots els nens de l&#8217;escola participin en la sel\u00b7lecci\u00f3 del seu nom. Finalment&hellip;  <a href=\"https:\/\/agora.xtec.cat\/esc-teresabergada\/infantil\/la-rateta-merli\/\" title=\"Read LA RATETA MERLI.\">Llegeix m\u00e9s\u00bb<\/a><\/p>\n","protected":false},"author":12,"featured_media":0,"comment_status":"open","ping_status":"closed","sticky":false,"template":"","format":"standard","meta":{"_bbp_topic_count":0,"_bbp_reply_count":0,"_bbp_total_topic_count":0,"_bbp_total_reply_count":0,"_bbp_voice_count":0,"_bbp_anonymous_reply_count":0,"_bbp_topic_count_hidden":0,"_bbp_reply_count_hidden":0,"_bbp_forum_subforum_count":0,"footnotes":""},"categories":[2],"tags":[166,121],"class_list":["post-5919","post","type-post","status-publish","format-standard","hentry","category-infantil","tag-biblioteca","tag-educacio-infantil"],"post_mailing_queue_ids":[],"_links":{"self":[{"href":"https:\/\/agora.xtec.cat\/esc-teresabergada\/wp-json\/wp\/v2\/posts\/5919","targetHints":{"allow":["GET"]}}],"collection":[{"href":"https:\/\/agora.xtec.cat\/esc-teresabergada\/wp-json\/wp\/v2\/posts"}],"about":[{"href":"https:\/\/agora.xtec.cat\/esc-teresabergada\/wp-json\/wp\/v2\/types\/post"}],"author":[{"embeddable":true,"href":"https:\/\/agora.xtec.cat\/esc-teresabergada\/wp-json\/wp\/v2\/users\/12"}],"replies":[{"embeddable":true,"href":"https:\/\/agora.xtec.cat\/esc-teresabergada\/wp-json\/wp\/v2\/comments?post=5919"}],"version-history":[{"count":3,"href":"https:\/\/agora.xtec.cat\/esc-teresabergada\/wp-json\/wp\/v2\/posts\/5919\/revisions"}],"predecessor-version":[{"id":5928,"href":"https:\/\/agora.xtec.cat\/esc-teresabergada\/wp-json\/wp\/v2\/posts\/5919\/revisions\/5928"}],"wp:attachment":[{"href":"https:\/\/agora.xtec.cat\/esc-teresabergada\/wp-json\/wp\/v2\/media?parent=5919"}],"wp:term":[{"taxonomy":"category","embeddable":true,"href":"https:\/\/agora.xtec.cat\/esc-teresabergada\/wp-json\/wp\/v2\/categories?post=5919"},{"taxonomy":"post_tag","embeddable":true,"href":"https:\/\/agora.xtec.cat\/esc-teresabergada\/wp-json\/wp\/v2\/tags?post=5919"}],"curies":[{"name":"wp","href":"https:\/\/api.w.org\/{rel}","templated":true}]}}