{"id":5905,"date":"2020-03-04T10:48:20","date_gmt":"2020-03-04T09:48:20","guid":{"rendered":"http:\/\/agora.xtec.cat\/esc-teresabergada\/?p=5905"},"modified":"2020-09-09T22:27:11","modified_gmt":"2020-09-09T20:27:11","slug":"hem-conegut-a-la-rateta-merli","status":"publish","type":"post","link":"https:\/\/agora.xtec.cat\/esc-teresabergada\/general\/hem-conegut-a-la-rateta-merli\/","title":{"rendered":"HEM CONEGUT LA RATETA MERLI!"},"content":{"rendered":"<p style=\"text-align: justify;\">Els nois i les noies de cicle superior hem anat a con\u00e8ixer la mascota de la Biblioteca Josep Lladonosa i Pujol d&#8217;Alguaire, es diu <strong><span style=\"color: #cc99ff;\">Rateta Merli<\/span><\/strong> i \u00e9s molt eixerida.<\/p>\n<p style=\"text-align: justify;\">La Norma ens va rebre amb molt carinyo i ens va explicar que per celebrar el trenta aniversari de la inauguraci\u00f3 de la biblioteca havien pensat crear una mascota i, qui millor que tots els nens i les nenes de la nostra escola per a triar el seu nom&#8230;Finalment Merli ha estat el nom m\u00e9s votat. La seva creadora, la Carmeta, estava molt orgullosa; li vam fer un fort aplaudiment i li vam prometre cuidar-la i sobretot visitar-la sovint.<\/p>\n<p style=\"text-align: justify;\">A m\u00e9s d&#8217;explicar-nos el conte Els ratolins de la senyora Marlowe, la Norma tamb\u00e9 ens va recordar les normes de la biblioteca i el funcionament del servei de pr\u00e9stec.<\/p>\n<p style=\"text-align: justify;\">Recordeu que la lectura \u00e9s una font de plaer i coneixement&#8230; i les biblioteques s\u00f3n espais on podem trobar grans tresors, ELS LLIBRES.<\/p>\n<p>&nbsp;<\/p>\n<p><img loading=\"lazy\" decoding=\"async\" class=\"aligncenter wp-image-5907 size-large\" src=\"https:\/\/agora.xtec.cat\/esc-teresabergada\/wp-content\/uploads\/usu1533\/2020\/03\/4a78ee69-cfd5-4404-aa56-526b10080ee0-1024x768.jpg\" alt=\"\" width=\"1024\" height=\"768\" \/><\/p>\n<p>&nbsp;<\/p>\n<p><img loading=\"lazy\" decoding=\"async\" class=\"aligncenter wp-image-5912 size-large\" src=\"https:\/\/agora.xtec.cat\/esc-teresabergada\/wp-content\/uploads\/usu1533\/2020\/03\/dc10c585-ebd9-4d3b-9d34-cf01bb8f0937-1024x768.jpg\" alt=\"\" width=\"1024\" height=\"768\" \/><\/p>\n<p><img loading=\"lazy\" decoding=\"async\" class=\"aligncenter wp-image-5911 size-large\" src=\"https:\/\/agora.xtec.cat\/esc-teresabergada\/wp-content\/uploads\/usu1533\/2020\/03\/c01a6c67-61d1-4ef1-b20b-d97878a94693-e1583592772475-1024x997.jpg\" alt=\"\" width=\"1024\" height=\"997\" \/><\/p>\n","protected":false},"excerpt":{"rendered":"<p>Els nois i les noies de cicle superior hem anat a con\u00e8ixer la mascota de la Biblioteca Josep Lladonosa i Pujol d&#8217;Alguaire, es diu Rateta Merli i \u00e9s molt eixerida.<br \/>\nLa Norma ens va rebre amb molt carinyo i ens va explicar que per celebrar el&hellip;  <a href=\"https:\/\/agora.xtec.cat\/esc-teresabergada\/general\/hem-conegut-a-la-rateta-merli\/\" title=\"Read HEM CONEGUT LA RATETA MERLI!\">Llegeix m\u00e9s\u00bb<\/a><\/p>\n","protected":false},"author":32,"featured_media":5915,"comment_status":"open","ping_status":"closed","sticky":false,"template":"","format":"standard","meta":{"_bbp_topic_count":0,"_bbp_reply_count":0,"_bbp_total_topic_count":0,"_bbp_total_reply_count":0,"_bbp_voice_count":0,"_bbp_anonymous_reply_count":0,"_bbp_topic_count_hidden":0,"_bbp_reply_count_hidden":0,"_bbp_forum_subforum_count":0,"footnotes":""},"categories":[240,1],"tags":[],"class_list":["post-5905","post","type-post","status-publish","format-standard","has-post-thumbnail","hentry","category-6e","category-general"],"post_mailing_queue_ids":[],"_links":{"self":[{"href":"https:\/\/agora.xtec.cat\/esc-teresabergada\/wp-json\/wp\/v2\/posts\/5905","targetHints":{"allow":["GET"]}}],"collection":[{"href":"https:\/\/agora.xtec.cat\/esc-teresabergada\/wp-json\/wp\/v2\/posts"}],"about":[{"href":"https:\/\/agora.xtec.cat\/esc-teresabergada\/wp-json\/wp\/v2\/types\/post"}],"author":[{"embeddable":true,"href":"https:\/\/agora.xtec.cat\/esc-teresabergada\/wp-json\/wp\/v2\/users\/32"}],"replies":[{"embeddable":true,"href":"https:\/\/agora.xtec.cat\/esc-teresabergada\/wp-json\/wp\/v2\/comments?post=5905"}],"version-history":[{"count":3,"href":"https:\/\/agora.xtec.cat\/esc-teresabergada\/wp-json\/wp\/v2\/posts\/5905\/revisions"}],"predecessor-version":[{"id":7551,"href":"https:\/\/agora.xtec.cat\/esc-teresabergada\/wp-json\/wp\/v2\/posts\/5905\/revisions\/7551"}],"wp:featuredmedia":[{"embeddable":true,"href":"https:\/\/agora.xtec.cat\/esc-teresabergada\/wp-json\/wp\/v2\/media\/5915"}],"wp:attachment":[{"href":"https:\/\/agora.xtec.cat\/esc-teresabergada\/wp-json\/wp\/v2\/media?parent=5905"}],"wp:term":[{"taxonomy":"category","embeddable":true,"href":"https:\/\/agora.xtec.cat\/esc-teresabergada\/wp-json\/wp\/v2\/categories?post=5905"},{"taxonomy":"post_tag","embeddable":true,"href":"https:\/\/agora.xtec.cat\/esc-teresabergada\/wp-json\/wp\/v2\/tags?post=5905"}],"curies":[{"name":"wp","href":"https:\/\/api.w.org\/{rel}","templated":true}]}}