{"id":5874,"date":"2020-03-02T18:47:39","date_gmt":"2020-03-02T17:47:39","guid":{"rendered":"http:\/\/agora.xtec.cat\/esc-teresabergada\/?p=5874"},"modified":"2020-03-02T19:01:52","modified_gmt":"2020-03-02T18:01:52","slug":"anem-al-teatre-el-monstre-de-colors","status":"publish","type":"post","link":"https:\/\/agora.xtec.cat\/esc-teresabergada\/infantil\/anem-al-teatre-el-monstre-de-colors\/","title":{"rendered":"Anem al teatre: El Monstre de Colors."},"content":{"rendered":"<p>Aquest mat\u00ed hem anat al teatre a Lleida!<\/p>\n<p>Es tracta d&#8217;una adaptaci\u00f3 teatral al conte &#8220;El monstre de colors&#8221; de l&#8217;Anna Llenas. Una manera divertida de treballar els colors i les emocions.<\/p>\n<p>Un\u00a0<strong>espectacle de titelles, m\u00fasica i colors<\/strong> per als m\u00e9s petits amb el qual hem viatjat al m\u00f3n de les emocions. Hem vist al monstre conf\u00f3s, content, enfadat, trist, acovardit i enamorat; i al costat d&#8217;ell hem apr\u00e8s a ordenar i posar nom a cada emoci\u00f3.<\/p>\n<p>Cliqueu la imatge si voleu veure la nostra galeria de fotos del dia.<\/p>\n<p><a href=\"https:\/\/photos.app.goo.gl\/6Zh3J2hjdjkMzrE58\"><img loading=\"lazy\" decoding=\"async\" class=\"wp-image-5876 aligncenter\" src=\"https:\/\/agora.xtec.cat\/esc-teresabergada\/wp-content\/uploads\/usu1533\/2020\/03\/1553858372monstree_1-727x1024.jpg\" alt=\"\" width=\"380\" height=\"536\" srcset=\"https:\/\/agora.xtec.cat\/esc-teresabergada\/wp-content\/uploads\/usu1533\/2020\/03\/1553858372monstree_1-727x1024.jpg 727w, https:\/\/agora.xtec.cat\/esc-teresabergada\/wp-content\/uploads\/usu1533\/2020\/03\/1553858372monstree_1-213x300.jpg 213w, https:\/\/agora.xtec.cat\/esc-teresabergada\/wp-content\/uploads\/usu1533\/2020\/03\/1553858372monstree_1-768x1082.jpg 768w, https:\/\/agora.xtec.cat\/esc-teresabergada\/wp-content\/uploads\/usu1533\/2020\/03\/1553858372monstree_1.jpg 939w\" sizes=\"auto, (max-width: 380px) 100vw, 380px\" \/><\/a><\/p>\n","protected":false},"excerpt":{"rendered":"<p>Aquest mat\u00ed hem anat al teatre a Lleida!<br \/>\nEs tracta d&#8217;una adaptaci\u00f3 teatral al conte &#8220;El monstre de colors&#8221; de l&#8217;Anna Llenas. Una manera divertida de treballar els colors i les emocions.<br \/>\nUn\u00a0espectacle de titelles, m\u00fasica i colors per als m\u00e9s petits amb el qual hem viatjat&hellip;  <a href=\"https:\/\/agora.xtec.cat\/esc-teresabergada\/infantil\/anem-al-teatre-el-monstre-de-colors\/\" title=\"Read Anem al teatre: El Monstre de Colors.\">Llegeix m\u00e9s\u00bb<\/a><\/p>\n","protected":false},"author":12,"featured_media":0,"comment_status":"open","ping_status":"closed","sticky":false,"template":"","format":"standard","meta":{"_bbp_topic_count":0,"_bbp_reply_count":0,"_bbp_total_topic_count":0,"_bbp_total_reply_count":0,"_bbp_voice_count":0,"_bbp_anonymous_reply_count":0,"_bbp_topic_count_hidden":0,"_bbp_reply_count_hidden":0,"_bbp_forum_subforum_count":0,"footnotes":""},"categories":[2],"tags":[121,123,189],"class_list":["post-5874","post","type-post","status-publish","format-standard","hentry","category-infantil","tag-educacio-infantil","tag-sortida","tag-teatre"],"post_mailing_queue_ids":[],"_links":{"self":[{"href":"https:\/\/agora.xtec.cat\/esc-teresabergada\/wp-json\/wp\/v2\/posts\/5874","targetHints":{"allow":["GET"]}}],"collection":[{"href":"https:\/\/agora.xtec.cat\/esc-teresabergada\/wp-json\/wp\/v2\/posts"}],"about":[{"href":"https:\/\/agora.xtec.cat\/esc-teresabergada\/wp-json\/wp\/v2\/types\/post"}],"author":[{"embeddable":true,"href":"https:\/\/agora.xtec.cat\/esc-teresabergada\/wp-json\/wp\/v2\/users\/12"}],"replies":[{"embeddable":true,"href":"https:\/\/agora.xtec.cat\/esc-teresabergada\/wp-json\/wp\/v2\/comments?post=5874"}],"version-history":[{"count":3,"href":"https:\/\/agora.xtec.cat\/esc-teresabergada\/wp-json\/wp\/v2\/posts\/5874\/revisions"}],"predecessor-version":[{"id":5881,"href":"https:\/\/agora.xtec.cat\/esc-teresabergada\/wp-json\/wp\/v2\/posts\/5874\/revisions\/5881"}],"wp:attachment":[{"href":"https:\/\/agora.xtec.cat\/esc-teresabergada\/wp-json\/wp\/v2\/media?parent=5874"}],"wp:term":[{"taxonomy":"category","embeddable":true,"href":"https:\/\/agora.xtec.cat\/esc-teresabergada\/wp-json\/wp\/v2\/categories?post=5874"},{"taxonomy":"post_tag","embeddable":true,"href":"https:\/\/agora.xtec.cat\/esc-teresabergada\/wp-json\/wp\/v2\/tags?post=5874"}],"curies":[{"name":"wp","href":"https:\/\/api.w.org\/{rel}","templated":true}]}}