{"id":5853,"date":"2020-02-28T12:49:32","date_gmt":"2020-02-28T11:49:32","guid":{"rendered":"http:\/\/agora.xtec.cat\/esc-teresabergada\/?p=5853"},"modified":"2020-02-28T12:51:03","modified_gmt":"2020-02-28T11:51:03","slug":"comencem-projecte-nou","status":"publish","type":"post","link":"https:\/\/agora.xtec.cat\/esc-teresabergada\/blocs-de-primaria\/4t\/comencem-projecte-nou\/","title":{"rendered":"COMENCEM PROJECTE NOU"},"content":{"rendered":"<p>Els nens i nenes de Cicle Mitj\u00e0, un cop finalitzades les presentacions del Projecte de l&#8217;Univers a les fam\u00edlies, ja hem comen\u00e7at el segon projecte del curs.<\/p>\n<p><a href=\"https:\/\/agora.xtec.cat\/esc-teresabergada\/wp-content\/uploads\/usu1533\/2020\/02\/croods.jpg\"><img loading=\"lazy\" decoding=\"async\" class=\"aligncenter wp-image-5854 size-full\" src=\"https:\/\/agora.xtec.cat\/esc-teresabergada\/wp-content\/uploads\/usu1533\/2020\/02\/croods.jpg\" alt=\"\" width=\"512\" height=\"192\" srcset=\"https:\/\/agora.xtec.cat\/esc-teresabergada\/wp-content\/uploads\/usu1533\/2020\/02\/croods.jpg 512w, https:\/\/agora.xtec.cat\/esc-teresabergada\/wp-content\/uploads\/usu1533\/2020\/02\/croods-300x113.jpg 300w\" sizes=\"auto, (max-width: 512px) 100vw, 512px\" \/><\/a><\/p>\n<p>Aquesta vegada, l&#8217;activitat de xoc va ser un videf\u00f2rum amb la pel\u00b7l\u00edcula Els Croods, que ens ha transportat a l&#8217;\u00e8poca de la Prehist\u00f2ria. A partir de la pel\u00b7l\u00edcula, hem comen\u00e7at a fer sorgir dubtes, a realitzar hip\u00f2tesis per a poder resoldre aquests dubtes, i a poc a poc ens anem endinsant a aquesta etapa tan i tan llunyana, i, alhora, tan interessant.<\/p>\n<p>Amb aquest projecte volem con\u00e8ixer qu\u00e8 ha passat des de que l&#8217;\u00e9sser hum\u00e0 existim, per\u00f2 no nom\u00e9s en la Prehist\u00f2ria, ja que pretenem passar tamb\u00e9 per l&#8217;Edat Antiga i l&#8217;Edat Mitjana. Tot un repte!<\/p>\n<p>Us anirem explicant m\u00e9s coses, a mesura que anem descobrint&#8230;<\/p>\n","protected":false},"excerpt":{"rendered":"<p>Els nens i nenes de Cicle Mitj\u00e0, un cop finalitzades les presentacions del Projecte de l&#8217;Univers a les fam\u00edlies, ja hem comen\u00e7at el segon projecte del curs.<br \/>\n<a href=\"https:\/\/agora.xtec.cat\/esc-teresabergada\/wp-content\/uploads\/usu1533\/2020\/02\/croods.jpg\"><\/a><br \/>\nAquesta vegada, l&#8217;activitat de xoc va ser un videf\u00f2rum amb la pel\u00b7l\u00edcula Els Croods, que ens ha transportat&hellip;  <a href=\"https:\/\/agora.xtec.cat\/esc-teresabergada\/blocs-de-primaria\/4t\/comencem-projecte-nou\/\" title=\"Read COMENCEM PROJECTE NOU\">Llegeix m\u00e9s\u00bb<\/a><\/p>\n","protected":false},"author":37,"featured_media":5854,"comment_status":"open","ping_status":"closed","sticky":false,"template":"","format":"standard","meta":{"_bbp_topic_count":0,"_bbp_reply_count":0,"_bbp_total_topic_count":0,"_bbp_total_reply_count":0,"_bbp_voice_count":0,"_bbp_anonymous_reply_count":0,"_bbp_topic_count_hidden":0,"_bbp_reply_count_hidden":0,"_bbp_forum_subforum_count":0,"footnotes":""},"categories":[250,349],"tags":[],"class_list":["post-5853","post","type-post","status-publish","format-standard","has-post-thumbnail","hentry","category-4t","category-5e"],"post_mailing_queue_ids":[],"_links":{"self":[{"href":"https:\/\/agora.xtec.cat\/esc-teresabergada\/wp-json\/wp\/v2\/posts\/5853","targetHints":{"allow":["GET"]}}],"collection":[{"href":"https:\/\/agora.xtec.cat\/esc-teresabergada\/wp-json\/wp\/v2\/posts"}],"about":[{"href":"https:\/\/agora.xtec.cat\/esc-teresabergada\/wp-json\/wp\/v2\/types\/post"}],"author":[{"embeddable":true,"href":"https:\/\/agora.xtec.cat\/esc-teresabergada\/wp-json\/wp\/v2\/users\/37"}],"replies":[{"embeddable":true,"href":"https:\/\/agora.xtec.cat\/esc-teresabergada\/wp-json\/wp\/v2\/comments?post=5853"}],"version-history":[{"count":3,"href":"https:\/\/agora.xtec.cat\/esc-teresabergada\/wp-json\/wp\/v2\/posts\/5853\/revisions"}],"predecessor-version":[{"id":5857,"href":"https:\/\/agora.xtec.cat\/esc-teresabergada\/wp-json\/wp\/v2\/posts\/5853\/revisions\/5857"}],"wp:featuredmedia":[{"embeddable":true,"href":"https:\/\/agora.xtec.cat\/esc-teresabergada\/wp-json\/wp\/v2\/media\/5854"}],"wp:attachment":[{"href":"https:\/\/agora.xtec.cat\/esc-teresabergada\/wp-json\/wp\/v2\/media?parent=5853"}],"wp:term":[{"taxonomy":"category","embeddable":true,"href":"https:\/\/agora.xtec.cat\/esc-teresabergada\/wp-json\/wp\/v2\/categories?post=5853"},{"taxonomy":"post_tag","embeddable":true,"href":"https:\/\/agora.xtec.cat\/esc-teresabergada\/wp-json\/wp\/v2\/tags?post=5853"}],"curies":[{"name":"wp","href":"https:\/\/api.w.org\/{rel}","templated":true}]}}