{"id":5814,"date":"2020-02-21T10:19:39","date_gmt":"2020-02-21T09:19:39","guid":{"rendered":"http:\/\/agora.xtec.cat\/esc-teresabergada\/?p=5814"},"modified":"2020-02-21T10:19:39","modified_gmt":"2020-02-21T09:19:39","slug":"la-jardinera-peluda","status":"publish","type":"post","link":"https:\/\/agora.xtec.cat\/esc-teresabergada\/blocs-de-primaria\/6e\/la-jardinera-peluda\/","title":{"rendered":"La Jardinera Peluda"},"content":{"rendered":"<p>Aquest segon trimestre gaudirem dels tallers d\u2019art amb <strong>Ana Garcia-Pineda<\/strong> i la seva caixa d\u2019autor<\/p>\n<p><strong>LA JARDINERA PELUDA.<\/strong><\/p>\n<p style=\"text-align: justify;\">La proposta art\u00edstica ens convida a fer brollar la imaginaci\u00f3 i creativitat des d\u2019una mirada m\u00e9s surrealista del m\u00f3n que ens envolta, tot creant vincles entre la natura i el cos hum\u00e0.<\/p>\n<p style=\"text-align: justify;\">Tocar, manipular, crear, editar, imaginar\u2026 seran les accions presents en aquesta segona sinergia entre el centre d\u2019art La Panera i l\u2019alumnat de cicle superior.<\/p>\n<p><img loading=\"lazy\" decoding=\"async\" class=\"alignnone wp-image-5816 size-medium\" src=\"https:\/\/agora.xtec.cat\/esc-teresabergada\/wp-content\/uploads\/usu1533\/2020\/02\/IMG_2975-225x300.jpg\" alt=\"\" width=\"225\" height=\"300\" \/> <img loading=\"lazy\" decoding=\"async\" class=\"alignnone wp-image-5817 size-medium\" src=\"https:\/\/agora.xtec.cat\/esc-teresabergada\/wp-content\/uploads\/usu1533\/2020\/02\/IMG_2976-300x225.jpg\" alt=\"\" width=\"300\" height=\"225\" \/> <img loading=\"lazy\" decoding=\"async\" class=\"alignnone wp-image-5818 size-medium\" src=\"https:\/\/agora.xtec.cat\/esc-teresabergada\/wp-content\/uploads\/usu1533\/2020\/02\/IMG_2978-300x225.jpg\" alt=\"\" width=\"300\" height=\"225\" srcset=\"https:\/\/agora.xtec.cat\/esc-teresabergada\/wp-content\/uploads\/usu1533\/2020\/02\/IMG_2978-300x225.jpg 300w, https:\/\/agora.xtec.cat\/esc-teresabergada\/wp-content\/uploads\/usu1533\/2020\/02\/IMG_2978-768x576.jpg 768w, https:\/\/agora.xtec.cat\/esc-teresabergada\/wp-content\/uploads\/usu1533\/2020\/02\/IMG_2978-1024x768.jpg 1024w, https:\/\/agora.xtec.cat\/esc-teresabergada\/wp-content\/uploads\/usu1533\/2020\/02\/IMG_2978-200x150.jpg 200w\" sizes=\"auto, (max-width: 300px) 100vw, 300px\" \/><\/p>\n","protected":false},"excerpt":{"rendered":"<p>Aquest segon trimestre gaudirem dels tallers d\u2019art amb Ana Garcia-Pineda i la seva caixa d\u2019autor<br \/>\nLA JARDINERA PELUDA.<br \/>\nLa proposta art\u00edstica ens convida a fer brollar la imaginaci\u00f3 i creativitat des d\u2019una mirada m\u00e9s surrealista del m\u00f3n que ens envolta, tot creant vincles entre la natura i&hellip;  <a href=\"https:\/\/agora.xtec.cat\/esc-teresabergada\/blocs-de-primaria\/6e\/la-jardinera-peluda\/\" title=\"Read La Jardinera Peluda\">Llegeix m\u00e9s\u00bb<\/a><\/p>\n","protected":false},"author":1,"featured_media":0,"comment_status":"open","ping_status":"closed","sticky":false,"template":"","format":"standard","meta":{"_bbp_topic_count":0,"_bbp_reply_count":0,"_bbp_total_topic_count":0,"_bbp_total_reply_count":0,"_bbp_voice_count":0,"_bbp_anonymous_reply_count":0,"_bbp_topic_count_hidden":0,"_bbp_reply_count_hidden":0,"_bbp_forum_subforum_count":0,"footnotes":""},"categories":[240],"tags":[],"class_list":["post-5814","post","type-post","status-publish","format-standard","hentry","category-6e"],"post_mailing_queue_ids":[],"_links":{"self":[{"href":"https:\/\/agora.xtec.cat\/esc-teresabergada\/wp-json\/wp\/v2\/posts\/5814","targetHints":{"allow":["GET"]}}],"collection":[{"href":"https:\/\/agora.xtec.cat\/esc-teresabergada\/wp-json\/wp\/v2\/posts"}],"about":[{"href":"https:\/\/agora.xtec.cat\/esc-teresabergada\/wp-json\/wp\/v2\/types\/post"}],"author":[{"embeddable":true,"href":"https:\/\/agora.xtec.cat\/esc-teresabergada\/wp-json\/wp\/v2\/users\/1"}],"replies":[{"embeddable":true,"href":"https:\/\/agora.xtec.cat\/esc-teresabergada\/wp-json\/wp\/v2\/comments?post=5814"}],"version-history":[{"count":1,"href":"https:\/\/agora.xtec.cat\/esc-teresabergada\/wp-json\/wp\/v2\/posts\/5814\/revisions"}],"predecessor-version":[{"id":5819,"href":"https:\/\/agora.xtec.cat\/esc-teresabergada\/wp-json\/wp\/v2\/posts\/5814\/revisions\/5819"}],"wp:attachment":[{"href":"https:\/\/agora.xtec.cat\/esc-teresabergada\/wp-json\/wp\/v2\/media?parent=5814"}],"wp:term":[{"taxonomy":"category","embeddable":true,"href":"https:\/\/agora.xtec.cat\/esc-teresabergada\/wp-json\/wp\/v2\/categories?post=5814"},{"taxonomy":"post_tag","embeddable":true,"href":"https:\/\/agora.xtec.cat\/esc-teresabergada\/wp-json\/wp\/v2\/tags?post=5814"}],"curies":[{"name":"wp","href":"https:\/\/api.w.org\/{rel}","templated":true}]}}