{"id":5801,"date":"2020-02-21T10:12:29","date_gmt":"2020-02-21T09:12:29","guid":{"rendered":"http:\/\/agora.xtec.cat\/esc-teresabergada\/?p=5801"},"modified":"2020-02-21T10:12:36","modified_gmt":"2020-02-21T09:12:36","slug":"la-presentacio-als-pares","status":"publish","type":"post","link":"https:\/\/agora.xtec.cat\/esc-teresabergada\/general\/la-presentacio-als-pares\/","title":{"rendered":"La presentaci\u00f3 als pares"},"content":{"rendered":"<p>El dijous 13 de febrer vam fer la presentaci\u00f3 al pares. Tots els alumnes est\u00e0vem molt contents perqu\u00e8 f\u00e8iem la presentaci\u00f3 en equips cooperatius. Ho vam plantejar de manera que els pares tenien que resoldre les preguntes. Molts pares se&#8217;n van enrecordar de quan eren petits.<\/p>\n<p>Vam comen\u00e7ar a les 15:15. Vam fer la benvinguda al hall de l\u00b4escola i despr\u00e9s vam anar a la classe de cinqu\u00e8. La mestra Laura i tots els alumnes ens vam esfor\u00e7ar al m\u00e0xim..<\/p>\n<p>Vam passar molts nervis per\u00f2 jo crec que la presentaci\u00f3 va ser molt divertida i molt emocionant!!<\/p>\n<p>Yeray i D\u00eddac.<\/p>\n<p>&nbsp;<\/p>\n","protected":false},"excerpt":{"rendered":"<p>El dijous 13 de febrer vam fer la presentaci\u00f3 al pares. Tots els alumnes est\u00e0vem molt contents perqu\u00e8 f\u00e8iem la presentaci\u00f3 en equips cooperatius. Ho vam plantejar de manera que els pares tenien que resoldre les preguntes. Molts pares se&#8217;n van enrecordar de quan eren&hellip;  <a href=\"https:\/\/agora.xtec.cat\/esc-teresabergada\/general\/la-presentacio-als-pares\/\" title=\"Read La presentaci\u00f3 als pares\">Llegeix m\u00e9s\u00bb<\/a><\/p>\n","protected":false},"author":1,"featured_media":0,"comment_status":"open","ping_status":"closed","sticky":false,"template":"","format":"standard","meta":{"_bbp_topic_count":0,"_bbp_reply_count":0,"_bbp_total_topic_count":0,"_bbp_total_reply_count":0,"_bbp_voice_count":0,"_bbp_anonymous_reply_count":0,"_bbp_topic_count_hidden":0,"_bbp_reply_count_hidden":0,"_bbp_forum_subforum_count":0,"footnotes":""},"categories":[240,1],"tags":[],"class_list":["post-5801","post","type-post","status-publish","format-standard","hentry","category-6e","category-general"],"post_mailing_queue_ids":[],"_links":{"self":[{"href":"https:\/\/agora.xtec.cat\/esc-teresabergada\/wp-json\/wp\/v2\/posts\/5801","targetHints":{"allow":["GET"]}}],"collection":[{"href":"https:\/\/agora.xtec.cat\/esc-teresabergada\/wp-json\/wp\/v2\/posts"}],"about":[{"href":"https:\/\/agora.xtec.cat\/esc-teresabergada\/wp-json\/wp\/v2\/types\/post"}],"author":[{"embeddable":true,"href":"https:\/\/agora.xtec.cat\/esc-teresabergada\/wp-json\/wp\/v2\/users\/1"}],"replies":[{"embeddable":true,"href":"https:\/\/agora.xtec.cat\/esc-teresabergada\/wp-json\/wp\/v2\/comments?post=5801"}],"version-history":[{"count":2,"href":"https:\/\/agora.xtec.cat\/esc-teresabergada\/wp-json\/wp\/v2\/posts\/5801\/revisions"}],"predecessor-version":[{"id":5813,"href":"https:\/\/agora.xtec.cat\/esc-teresabergada\/wp-json\/wp\/v2\/posts\/5801\/revisions\/5813"}],"wp:attachment":[{"href":"https:\/\/agora.xtec.cat\/esc-teresabergada\/wp-json\/wp\/v2\/media?parent=5801"}],"wp:term":[{"taxonomy":"category","embeddable":true,"href":"https:\/\/agora.xtec.cat\/esc-teresabergada\/wp-json\/wp\/v2\/categories?post=5801"},{"taxonomy":"post_tag","embeddable":true,"href":"https:\/\/agora.xtec.cat\/esc-teresabergada\/wp-json\/wp\/v2\/tags?post=5801"}],"curies":[{"name":"wp","href":"https:\/\/api.w.org\/{rel}","templated":true}]}}