{"id":580,"date":"2017-01-09T20:37:18","date_gmt":"2017-01-09T19:37:18","guid":{"rendered":"http:\/\/agora.xtec.cat\/esc-teresabergada\/?p=580"},"modified":"2017-05-29T20:34:31","modified_gmt":"2017-05-29T18:34:31","slug":"cantania-2017","status":"publish","type":"post","link":"https:\/\/agora.xtec.cat\/esc-teresabergada\/general\/cantania-2017\/","title":{"rendered":"CANTANIA-2017"},"content":{"rendered":"<p>&nbsp;<\/p>\n<p>Aquest curs els alumnes de quart de l&#8217;escola participen en el projecte CANTANIA.<\/p>\n<p>Cant\u00e0nia \u00e9s una activitat participativa dirigida a escolars de cicle mitj\u00e0 i superior de prim\u00e0ria. Cada temporada s\u2019encarrega una obra nova per a un gran cor de nens i nenes, a compositors i escriptors catalans de reconegut prestigi. Durant tot el curs escolar es treballa tant des de L\u2019Auditori com des de l\u2019escola. L\u2019objectiu \u00e9s organitzar un acte per als alumnes que, per les caracter\u00edstiques globals pensades exclusivament per a ells, per la qualitat i per la implicaci\u00f3 personal i col\u00b7lectiva en l\u2019acte, es converteixi en una viv\u00e8ncia musical inoblidable per a tots.<\/p>\n<p>Els alumnes de quart aqu\u00ed teniu l&#8217;enlla\u00e7 amb tot el material per poder treballar casa les can\u00e7ons de l&#8217;obra d&#8217;aquest any: LA NIT DELS MALSONS.<\/p>\n<p>&nbsp;<\/p>\n<p><a href=\"http:\/\/blocs.xtec.cat\/cantania2017alguaire\/\">CANTANIA-2017<\/a><\/p>\n","protected":false},"excerpt":{"rendered":"<p>&nbsp;<br \/>\nAquest curs els alumnes de quart de l&#8217;escola participen en el projecte CANTANIA.<br \/>\nCant\u00e0nia \u00e9s una activitat participativa dirigida a escolars de cicle mitj\u00e0 i superior de prim\u00e0ria. Cada temporada s\u2019encarrega una obra nova per a un gran cor de nens i nenes, a compositors i&hellip;  <a href=\"https:\/\/agora.xtec.cat\/esc-teresabergada\/general\/cantania-2017\/\" title=\"Read CANTANIA-2017\">Llegeix m\u00e9s\u00bb<\/a><\/p>\n","protected":false},"author":1,"featured_media":581,"comment_status":"open","ping_status":"closed","sticky":false,"template":"","format":"standard","meta":{"_bbp_topic_count":0,"_bbp_reply_count":0,"_bbp_total_topic_count":0,"_bbp_total_reply_count":0,"_bbp_voice_count":0,"_bbp_anonymous_reply_count":0,"_bbp_topic_count_hidden":0,"_bbp_reply_count_hidden":0,"_bbp_forum_subforum_count":0,"footnotes":""},"categories":[1,104,4],"tags":[100,101,56,70],"class_list":["post-580","post","type-post","status-publish","format-standard","has-post-thumbnail","hentry","category-general","category-musica","category-portada","tag-canco","tag-cantata","tag-musica","tag-projecte"],"post_mailing_queue_ids":[],"_links":{"self":[{"href":"https:\/\/agora.xtec.cat\/esc-teresabergada\/wp-json\/wp\/v2\/posts\/580","targetHints":{"allow":["GET"]}}],"collection":[{"href":"https:\/\/agora.xtec.cat\/esc-teresabergada\/wp-json\/wp\/v2\/posts"}],"about":[{"href":"https:\/\/agora.xtec.cat\/esc-teresabergada\/wp-json\/wp\/v2\/types\/post"}],"author":[{"embeddable":true,"href":"https:\/\/agora.xtec.cat\/esc-teresabergada\/wp-json\/wp\/v2\/users\/1"}],"replies":[{"embeddable":true,"href":"https:\/\/agora.xtec.cat\/esc-teresabergada\/wp-json\/wp\/v2\/comments?post=580"}],"version-history":[{"count":3,"href":"https:\/\/agora.xtec.cat\/esc-teresabergada\/wp-json\/wp\/v2\/posts\/580\/revisions"}],"predecessor-version":[{"id":587,"href":"https:\/\/agora.xtec.cat\/esc-teresabergada\/wp-json\/wp\/v2\/posts\/580\/revisions\/587"}],"wp:featuredmedia":[{"embeddable":true,"href":"https:\/\/agora.xtec.cat\/esc-teresabergada\/wp-json\/wp\/v2\/media\/581"}],"wp:attachment":[{"href":"https:\/\/agora.xtec.cat\/esc-teresabergada\/wp-json\/wp\/v2\/media?parent=580"}],"wp:term":[{"taxonomy":"category","embeddable":true,"href":"https:\/\/agora.xtec.cat\/esc-teresabergada\/wp-json\/wp\/v2\/categories?post=580"},{"taxonomy":"post_tag","embeddable":true,"href":"https:\/\/agora.xtec.cat\/esc-teresabergada\/wp-json\/wp\/v2\/tags?post=580"}],"curies":[{"name":"wp","href":"https:\/\/api.w.org\/{rel}","templated":true}]}}