{"id":5796,"date":"2020-02-12T12:14:51","date_gmt":"2020-02-12T11:14:51","guid":{"rendered":"http:\/\/agora.xtec.cat\/esc-teresabergada\/?p=5796"},"modified":"2020-02-12T12:14:51","modified_gmt":"2020-02-12T11:14:51","slug":"el-dia-de-la-pau","status":"publish","type":"post","link":"https:\/\/agora.xtec.cat\/esc-teresabergada\/general\/el-dia-de-la-pau\/","title":{"rendered":"EL DIA DE LA PAU"},"content":{"rendered":"<p>El dijous els nens de cicle superior ven celebrar el dia de la Pau. El dia de la Pau vam fer 3 tallers: al primer taller que vam fer va ser el de la Marisa, vam fer un atrapa-somnis amb roba, i una mica de decoraci\u00f3: petxines, plomes, boles de colors&#8230;El segon taller va ser el de la Rosa que vam fer 2 jocs el &#8220;el Pautionari&#8221; com un dicciopinta amb paraules de la Pau i la no Pau, i l&#8217;\u00faltim joc que vam fer va ser una din\u00e0mica que es deia travessa el riu, on vam veure la interpretaci\u00f3 del treball en equip. I l&#8217;\u00faltim taller que vam fer va ser el de la Laura que vam fer un mural amb paraules de la Pau. despr\u00e9s tots els cursos vam sortir al pati a cantar dos can\u00e7ons, la primer va ser la de Somnis d&#8217;infants i la segona va ser amb Angl\u00e8s que es deia Heal the World.<\/p>\n<p><img loading=\"lazy\" decoding=\"async\" class=\"alignnone wp-image-5798 size-medium\" src=\"https:\/\/agora.xtec.cat\/esc-teresabergada\/wp-content\/uploads\/usu1533\/2020\/02\/IMG-20200131-WA0017-300x225.jpg\" alt=\"\" width=\"300\" height=\"225\" \/> <img loading=\"lazy\" decoding=\"async\" class=\"alignnone wp-image-5799 size-medium\" src=\"https:\/\/agora.xtec.cat\/esc-teresabergada\/wp-content\/uploads\/usu1533\/2020\/02\/IMG_2833-300x225.jpg\" alt=\"\" width=\"300\" height=\"225\" srcset=\"https:\/\/agora.xtec.cat\/esc-teresabergada\/wp-content\/uploads\/usu1533\/2020\/02\/IMG_2833-300x225.jpg 300w, https:\/\/agora.xtec.cat\/esc-teresabergada\/wp-content\/uploads\/usu1533\/2020\/02\/IMG_2833-768x576.jpg 768w, https:\/\/agora.xtec.cat\/esc-teresabergada\/wp-content\/uploads\/usu1533\/2020\/02\/IMG_2833-1024x768.jpg 1024w, https:\/\/agora.xtec.cat\/esc-teresabergada\/wp-content\/uploads\/usu1533\/2020\/02\/IMG_2833-200x150.jpg 200w\" sizes=\"auto, (max-width: 300px) 100vw, 300px\" \/><\/p>\n","protected":false},"excerpt":{"rendered":"<p>El dijous els nens de cicle superior ven celebrar el dia de la Pau. El dia de la Pau vam fer 3 tallers: al primer taller que vam fer va ser el de la Marisa, vam fer un atrapa-somnis amb roba, i una mica de&hellip;  <a href=\"https:\/\/agora.xtec.cat\/esc-teresabergada\/general\/el-dia-de-la-pau\/\" title=\"Read EL DIA DE LA PAU\">Llegeix m\u00e9s\u00bb<\/a><\/p>\n","protected":false},"author":1,"featured_media":5797,"comment_status":"open","ping_status":"closed","sticky":false,"template":"","format":"standard","meta":{"_bbp_topic_count":0,"_bbp_reply_count":0,"_bbp_total_topic_count":0,"_bbp_total_reply_count":0,"_bbp_voice_count":0,"_bbp_anonymous_reply_count":0,"_bbp_topic_count_hidden":0,"_bbp_reply_count_hidden":0,"_bbp_forum_subforum_count":0,"footnotes":""},"categories":[1],"tags":[],"class_list":["post-5796","post","type-post","status-publish","format-standard","has-post-thumbnail","hentry","category-general"],"post_mailing_queue_ids":[],"_links":{"self":[{"href":"https:\/\/agora.xtec.cat\/esc-teresabergada\/wp-json\/wp\/v2\/posts\/5796","targetHints":{"allow":["GET"]}}],"collection":[{"href":"https:\/\/agora.xtec.cat\/esc-teresabergada\/wp-json\/wp\/v2\/posts"}],"about":[{"href":"https:\/\/agora.xtec.cat\/esc-teresabergada\/wp-json\/wp\/v2\/types\/post"}],"author":[{"embeddable":true,"href":"https:\/\/agora.xtec.cat\/esc-teresabergada\/wp-json\/wp\/v2\/users\/1"}],"replies":[{"embeddable":true,"href":"https:\/\/agora.xtec.cat\/esc-teresabergada\/wp-json\/wp\/v2\/comments?post=5796"}],"version-history":[{"count":1,"href":"https:\/\/agora.xtec.cat\/esc-teresabergada\/wp-json\/wp\/v2\/posts\/5796\/revisions"}],"predecessor-version":[{"id":5800,"href":"https:\/\/agora.xtec.cat\/esc-teresabergada\/wp-json\/wp\/v2\/posts\/5796\/revisions\/5800"}],"wp:featuredmedia":[{"embeddable":true,"href":"https:\/\/agora.xtec.cat\/esc-teresabergada\/wp-json\/wp\/v2\/media\/5797"}],"wp:attachment":[{"href":"https:\/\/agora.xtec.cat\/esc-teresabergada\/wp-json\/wp\/v2\/media?parent=5796"}],"wp:term":[{"taxonomy":"category","embeddable":true,"href":"https:\/\/agora.xtec.cat\/esc-teresabergada\/wp-json\/wp\/v2\/categories?post=5796"},{"taxonomy":"post_tag","embeddable":true,"href":"https:\/\/agora.xtec.cat\/esc-teresabergada\/wp-json\/wp\/v2\/tags?post=5796"}],"curies":[{"name":"wp","href":"https:\/\/api.w.org\/{rel}","templated":true}]}}