{"id":5774,"date":"2020-02-06T22:19:57","date_gmt":"2020-02-06T21:19:57","guid":{"rendered":"http:\/\/agora.xtec.cat\/esc-teresabergada\/?p=5774"},"modified":"2020-09-07T18:02:46","modified_gmt":"2020-09-07T16:02:46","slug":"aficions-compartides-anar-en-bicicleta","status":"publish","type":"post","link":"https:\/\/agora.xtec.cat\/esc-teresabergada\/general\/aficions-compartides-anar-en-bicicleta\/","title":{"rendered":"Aficions Compartides: Anar en bicicleta."},"content":{"rendered":"<p>El pare de la J\u00falia \u00e9s mosso d\u2019esquadra i ens ha volgut compartir l\u2019afici\u00f3 d\u2019anar en bicicleta.<\/p>\n<p>Ens ha explicat algunes normes de circulaci\u00f3 a tenir en compte per practicar el ciclisme amb seguretat. Hem comen\u00e7at amb uns contes del Teo on hem pogut veure com s\u2019ha de circular per la ciutat i el poble. Despr\u00e9s ens ha muntat un petit circuit amb el que hem practicat la circulaci\u00f3 amb bicicleta i amb patinet. Hem apr\u00e8s a circular amb m\u00e9s seguretat. Anar en bicicleta \u00e9s un esport molt saludable i ens ajuda a millorar la nostra salut.<\/p>\n<p>Tot plegat \u00a0ha estat molt divertit i engrescador.<\/p>\n<p>Gr\u00e0cies a totes les fam\u00edlies per la vostra participaci\u00f3.<\/p>\n<p>Cliqueu a la foto per veure les imatges.<a href=\"https:\/\/photos.app.goo.gl\/jxvgP1MhdHczC86u5\"><img loading=\"lazy\" decoding=\"async\" class=\"alignnone size-large wp-image-5776\" src=\"https:\/\/agora.xtec.cat\/esc-teresabergada\/wp-content\/uploads\/usu1533\/2020\/02\/IMG_20200206_101848-1024x768.jpg\" alt=\"\" width=\"1024\" height=\"768\" \/><\/a><\/p>\n<p>&nbsp;<\/p>\n","protected":false},"excerpt":{"rendered":"<p>Aficions Compartides: Anar en bicicleta.&hellip;  <a href=\"https:\/\/agora.xtec.cat\/esc-teresabergada\/general\/aficions-compartides-anar-en-bicicleta\/\" title=\"Read Aficions Compartides: Anar en bicicleta.\">Llegeix m\u00e9s\u00bb<\/a><\/p>\n","protected":false},"author":1,"featured_media":5775,"comment_status":"open","ping_status":"closed","sticky":false,"template":"","format":"standard","meta":{"_bbp_topic_count":0,"_bbp_reply_count":0,"_bbp_total_topic_count":0,"_bbp_total_reply_count":0,"_bbp_voice_count":0,"_bbp_anonymous_reply_count":0,"_bbp_topic_count_hidden":0,"_bbp_reply_count_hidden":0,"_bbp_forum_subforum_count":0,"footnotes":""},"categories":[348,1,2],"tags":[446,448],"class_list":["post-5774","post","type-post","status-publish","format-standard","has-post-thumbnail","hentry","category-1r","category-general","category-infantil","tag-aficions","tag-aficions-compartides"],"post_mailing_queue_ids":[],"_links":{"self":[{"href":"https:\/\/agora.xtec.cat\/esc-teresabergada\/wp-json\/wp\/v2\/posts\/5774","targetHints":{"allow":["GET"]}}],"collection":[{"href":"https:\/\/agora.xtec.cat\/esc-teresabergada\/wp-json\/wp\/v2\/posts"}],"about":[{"href":"https:\/\/agora.xtec.cat\/esc-teresabergada\/wp-json\/wp\/v2\/types\/post"}],"author":[{"embeddable":true,"href":"https:\/\/agora.xtec.cat\/esc-teresabergada\/wp-json\/wp\/v2\/users\/1"}],"replies":[{"embeddable":true,"href":"https:\/\/agora.xtec.cat\/esc-teresabergada\/wp-json\/wp\/v2\/comments?post=5774"}],"version-history":[{"count":1,"href":"https:\/\/agora.xtec.cat\/esc-teresabergada\/wp-json\/wp\/v2\/posts\/5774\/revisions"}],"predecessor-version":[{"id":5777,"href":"https:\/\/agora.xtec.cat\/esc-teresabergada\/wp-json\/wp\/v2\/posts\/5774\/revisions\/5777"}],"wp:featuredmedia":[{"embeddable":true,"href":"https:\/\/agora.xtec.cat\/esc-teresabergada\/wp-json\/wp\/v2\/media\/5775"}],"wp:attachment":[{"href":"https:\/\/agora.xtec.cat\/esc-teresabergada\/wp-json\/wp\/v2\/media?parent=5774"}],"wp:term":[{"taxonomy":"category","embeddable":true,"href":"https:\/\/agora.xtec.cat\/esc-teresabergada\/wp-json\/wp\/v2\/categories?post=5774"},{"taxonomy":"post_tag","embeddable":true,"href":"https:\/\/agora.xtec.cat\/esc-teresabergada\/wp-json\/wp\/v2\/tags?post=5774"}],"curies":[{"name":"wp","href":"https:\/\/api.w.org\/{rel}","templated":true}]}}