{"id":5744,"date":"2020-02-01T10:39:52","date_gmt":"2020-02-01T09:39:52","guid":{"rendered":"http:\/\/agora.xtec.cat\/esc-teresabergada\/?p=5744"},"modified":"2020-02-01T10:40:26","modified_gmt":"2020-02-01T09:40:26","slug":"ensenyant-el-que-hem-apres","status":"publish","type":"post","link":"https:\/\/agora.xtec.cat\/esc-teresabergada\/blocs-de-primaria\/6e\/ensenyant-el-que-hem-apres\/","title":{"rendered":"Ensenyant el que hem apr\u00e8s"},"content":{"rendered":"<p>Benvolgudes fam\u00edlies,<\/p>\n<p style=\"text-align: justify;\">Les i els alumnes de cicle superior us volem convidar a les nostres aules per fer-vos part\u00edcips en aquesta part final del proc\u00e9s d&#8217;<strong><span style=\"color: #800000;\">aprenentatge<\/span><\/strong> que ha girat entorn <strong><span style=\"color: #ff6600;\">EL COS HUM\u00c0.<\/span><\/strong><\/p>\n<p style=\"text-align: justify;\">La presentaci\u00f3 a totes i tots vosaltres \u00e9s l&#8217;<span style=\"color: #800000;\"><strong>activitat final<\/strong><\/span> per tancar el projecte que, des del setembre fins al moment, hem estat treballant en les sessions de medi durant aquests mesos.<\/p>\n<p style=\"text-align: justify;\">Anoteu-vos la data de la presentaci\u00f3 del vostre fill \/ filla a les vostres agendes; <strong><span style=\"color: #996868;\">comptem amb tots vosaltres!<\/span><\/strong>\u00a0 Les fam\u00edlies heu sigut una part essencial dels coneixements que s&#8217;han generat.<\/p>\n<p><a href=\"https:\/\/agora.xtec.cat\/esc-teresabergada\/wp-content\/uploads\/usu1533\/2020\/02\/Trash-Recycling-Classroom-Poster.jpg\"><img loading=\"lazy\" decoding=\"async\" class=\"aligncenter wp-image-5745 size-large\" src=\"https:\/\/agora.xtec.cat\/esc-teresabergada\/wp-content\/uploads\/usu1533\/2020\/02\/Trash-Recycling-Classroom-Poster-724x1024.jpg\" alt=\"\" width=\"724\" height=\"1024\" srcset=\"https:\/\/agora.xtec.cat\/esc-teresabergada\/wp-content\/uploads\/usu1533\/2020\/02\/Trash-Recycling-Classroom-Poster-724x1024.jpg 724w, https:\/\/agora.xtec.cat\/esc-teresabergada\/wp-content\/uploads\/usu1533\/2020\/02\/Trash-Recycling-Classroom-Poster-212x300.jpg 212w, https:\/\/agora.xtec.cat\/esc-teresabergada\/wp-content\/uploads\/usu1533\/2020\/02\/Trash-Recycling-Classroom-Poster-768x1086.jpg 768w, https:\/\/agora.xtec.cat\/esc-teresabergada\/wp-content\/uploads\/usu1533\/2020\/02\/Trash-Recycling-Classroom-Poster.jpg 1587w\" sizes=\"auto, (max-width: 724px) 100vw, 724px\" \/><\/a><\/p>\n","protected":false},"excerpt":{"rendered":"<p>Benvolgudes fam\u00edlies,<br \/>\nLes i els alumnes de cicle superior us volem convidar a les nostres aules per fer-vos part\u00edcips en aquesta part final del proc\u00e9s d&#8217;aprenentatge que ha girat entorn EL COS HUM\u00c0.<br \/>\nLa presentaci\u00f3 a totes i tots vosaltres \u00e9s l&#8217;activitat final per tancar el projecte&hellip;  <a href=\"https:\/\/agora.xtec.cat\/esc-teresabergada\/blocs-de-primaria\/6e\/ensenyant-el-que-hem-apres\/\" title=\"Read Ensenyant el que hem apr\u00e8s\">Llegeix m\u00e9s\u00bb<\/a><\/p>\n","protected":false},"author":1,"featured_media":5745,"comment_status":"open","ping_status":"closed","sticky":false,"template":"","format":"standard","meta":{"_bbp_topic_count":0,"_bbp_reply_count":0,"_bbp_total_topic_count":0,"_bbp_total_reply_count":0,"_bbp_voice_count":0,"_bbp_anonymous_reply_count":0,"_bbp_topic_count_hidden":0,"_bbp_reply_count_hidden":0,"_bbp_forum_subforum_count":0,"footnotes":""},"categories":[240],"tags":[460,172,124],"class_list":["post-5744","post","type-post","status-publish","format-standard","has-post-thumbnail","hentry","category-6e","tag-activitat-final","tag-medi","tag-projectes"],"post_mailing_queue_ids":[],"_links":{"self":[{"href":"https:\/\/agora.xtec.cat\/esc-teresabergada\/wp-json\/wp\/v2\/posts\/5744","targetHints":{"allow":["GET"]}}],"collection":[{"href":"https:\/\/agora.xtec.cat\/esc-teresabergada\/wp-json\/wp\/v2\/posts"}],"about":[{"href":"https:\/\/agora.xtec.cat\/esc-teresabergada\/wp-json\/wp\/v2\/types\/post"}],"author":[{"embeddable":true,"href":"https:\/\/agora.xtec.cat\/esc-teresabergada\/wp-json\/wp\/v2\/users\/1"}],"replies":[{"embeddable":true,"href":"https:\/\/agora.xtec.cat\/esc-teresabergada\/wp-json\/wp\/v2\/comments?post=5744"}],"version-history":[{"count":1,"href":"https:\/\/agora.xtec.cat\/esc-teresabergada\/wp-json\/wp\/v2\/posts\/5744\/revisions"}],"predecessor-version":[{"id":5746,"href":"https:\/\/agora.xtec.cat\/esc-teresabergada\/wp-json\/wp\/v2\/posts\/5744\/revisions\/5746"}],"wp:featuredmedia":[{"embeddable":true,"href":"https:\/\/agora.xtec.cat\/esc-teresabergada\/wp-json\/wp\/v2\/media\/5745"}],"wp:attachment":[{"href":"https:\/\/agora.xtec.cat\/esc-teresabergada\/wp-json\/wp\/v2\/media?parent=5744"}],"wp:term":[{"taxonomy":"category","embeddable":true,"href":"https:\/\/agora.xtec.cat\/esc-teresabergada\/wp-json\/wp\/v2\/categories?post=5744"},{"taxonomy":"post_tag","embeddable":true,"href":"https:\/\/agora.xtec.cat\/esc-teresabergada\/wp-json\/wp\/v2\/tags?post=5744"}],"curies":[{"name":"wp","href":"https:\/\/api.w.org\/{rel}","templated":true}]}}