{"id":5738,"date":"2020-02-01T00:15:17","date_gmt":"2020-01-31T23:15:17","guid":{"rendered":"http:\/\/agora.xtec.cat\/esc-teresabergada\/?p=5738"},"modified":"2020-02-11T13:20:25","modified_gmt":"2020-02-11T12:20:25","slug":"dia-de-la-pau-2","status":"publish","type":"post","link":"https:\/\/agora.xtec.cat\/esc-teresabergada\/general\/dia-de-la-pau-2\/","title":{"rendered":"Dia de la Pau."},"content":{"rendered":"<p><img loading=\"lazy\" decoding=\"async\" class=\"alignnone size-large wp-image-5739\" src=\"https:\/\/agora.xtec.cat\/esc-teresabergada\/wp-content\/uploads\/usu1533\/2020\/01\/IMG-20200130-WA0007-1024x587.jpg\" alt=\"\" width=\"1024\" height=\"587\" \/><\/p>\n<p>El 30 de Gener \u00e9s el Dia Internacional de la Pau i la No Viol\u00e8ncia. Aquest dia es commemora la mort de <strong>Mahatma Gandhi<\/strong> l\u00edder nacional i espiritual de l\u2019\u00cdndia. L\u2019objectiu del Dia Internacional de la Pau i la No Viol\u00e8ncia \u00e9s\u00a0l\u2019educaci\u00f3 en i per a la toler\u00e0ncia, la solidaritat, la conc\u00f2rdia, el respecte als Drets Humans, la no-viol\u00e8ncia i la pau.<\/p>\n<p>A l&#8217;escola un any m\u00e9s hem fet activitats per sensibilitzar a l&#8217;alumnat amb els conceptes d&#8217;amor universal, \u00a0de no-viol\u00e8ncia i de pau positiva. Al voltant d&#8217;aquest tema hem fet tallers a tots els cicles i hem exposat els nostres treballs en els diferents espais de l&#8217;escola. Tamb\u00e9 hem sortit al pati tots junts i hem cantat una can\u00e7\u00f3 molt bonica mentre formavem el s\u00edmbol de la pau.<\/p>\n<p><a href=\"https:\/\/photos.app.goo.gl\/UkNKr4askqxfVVeL6\">Cliqueu aqu\u00ed per veure les fotos.<\/a><\/p>\n","protected":false},"excerpt":{"rendered":"<p>Dia de la Pau.&hellip;  <a href=\"https:\/\/agora.xtec.cat\/esc-teresabergada\/general\/dia-de-la-pau-2\/\" title=\"Read Dia de la Pau.\">Llegeix m\u00e9s\u00bb<\/a><\/p>\n","protected":false},"author":1,"featured_media":0,"comment_status":"open","ping_status":"closed","sticky":false,"template":"","format":"standard","meta":{"_bbp_topic_count":0,"_bbp_reply_count":0,"_bbp_total_topic_count":0,"_bbp_total_reply_count":0,"_bbp_voice_count":0,"_bbp_anonymous_reply_count":0,"_bbp_topic_count_hidden":0,"_bbp_reply_count_hidden":0,"_bbp_forum_subforum_count":0,"footnotes":""},"categories":[1,4],"tags":[110],"class_list":["post-5738","post","type-post","status-publish","format-standard","hentry","category-general","category-portada","tag-dia-de-la-pau"],"post_mailing_queue_ids":[],"_links":{"self":[{"href":"https:\/\/agora.xtec.cat\/esc-teresabergada\/wp-json\/wp\/v2\/posts\/5738","targetHints":{"allow":["GET"]}}],"collection":[{"href":"https:\/\/agora.xtec.cat\/esc-teresabergada\/wp-json\/wp\/v2\/posts"}],"about":[{"href":"https:\/\/agora.xtec.cat\/esc-teresabergada\/wp-json\/wp\/v2\/types\/post"}],"author":[{"embeddable":true,"href":"https:\/\/agora.xtec.cat\/esc-teresabergada\/wp-json\/wp\/v2\/users\/1"}],"replies":[{"embeddable":true,"href":"https:\/\/agora.xtec.cat\/esc-teresabergada\/wp-json\/wp\/v2\/comments?post=5738"}],"version-history":[{"count":3,"href":"https:\/\/agora.xtec.cat\/esc-teresabergada\/wp-json\/wp\/v2\/posts\/5738\/revisions"}],"predecessor-version":[{"id":5794,"href":"https:\/\/agora.xtec.cat\/esc-teresabergada\/wp-json\/wp\/v2\/posts\/5738\/revisions\/5794"}],"wp:attachment":[{"href":"https:\/\/agora.xtec.cat\/esc-teresabergada\/wp-json\/wp\/v2\/media?parent=5738"}],"wp:term":[{"taxonomy":"category","embeddable":true,"href":"https:\/\/agora.xtec.cat\/esc-teresabergada\/wp-json\/wp\/v2\/categories?post=5738"},{"taxonomy":"post_tag","embeddable":true,"href":"https:\/\/agora.xtec.cat\/esc-teresabergada\/wp-json\/wp\/v2\/tags?post=5738"}],"curies":[{"name":"wp","href":"https:\/\/api.w.org\/{rel}","templated":true}]}}