{"id":5719,"date":"2020-02-03T15:33:25","date_gmt":"2020-02-03T14:33:25","guid":{"rendered":"http:\/\/agora.xtec.cat\/esc-teresabergada\/?p=5719"},"modified":"2020-09-09T22:19:04","modified_gmt":"2020-09-09T20:19:04","slug":"ja-tenim-representants-del-concurs-de-l-v-a","status":"publish","type":"post","link":"https:\/\/agora.xtec.cat\/esc-teresabergada\/portada\/ja-tenim-representants-del-concurs-de-l-v-a\/","title":{"rendered":"Ja tenim representants per al Certamen de Lectura en Veu Alta"},"content":{"rendered":"<p>&nbsp;<\/p>\n<p style=\"text-align: justify;\">Enguany ser\u00e0 el tercer cop que l&#8217;Escola Teresa Bergad\u00e0 participa al Certamen Infantil i Juvenil de Lectura en Veu Alta, que aquest 2020 celebra la seva XVI edici\u00f3.\u00a0 Aquest concurs es celebrar\u00e0 el 30 i 31 de mar\u00e7 al Caixaforum de Lleida i acull anualment a representants d&#8217;escoles d&#8217;arreu del territori en una competici\u00f3 on s&#8217;avaluen les habilitats lectores dels infants.<\/p>\n<p style=\"text-align: justify;\">Per tal de triar els i les alumnes que representarien la nostra escola, es va dur a terme durant el primer trimestre un concurs a nivell intern de centre, on van participar tots i totes les alumnes de cicle superior, tot treballant el llibre\u00a0 <em>El tren de les parades sense nom d&#8217;en <\/em>Carles Sala. Va ser finalment el Consell d&#8217;Infants &#8211; format per un representant de cada classe, des dels m\u00e9s menuts de P-3 fins als grans de 6\u00e8- qui va triar les nostres finalistes.<\/p>\n<p style=\"text-align: justify;\">Tant el nivell que van presentar els i les alumnes com la il\u00b7lusi\u00f3 que hi van posar, ens va sorprendre gratament i, finalment seran les alumnes Maria Feliu Vidal, Blau Planes Baradad i Ivette Mart\u00ednez Matos de cicle superior les que representaran a l&#8217;Escola Teresa Bergad\u00e0 al concurs de lectura. Us desitgem molta sort!<\/p>\n<p style=\"text-align: justify;\">Us mantindrem informats de com continua aquesta aventura!<\/p>\n","protected":false},"excerpt":{"rendered":"<p>&nbsp;<br \/>\nEnguany ser\u00e0 el tercer cop que l&#8217;Escola Teresa Bergad\u00e0 participa al Certamen Infantil i Juvenil de Lectura en Veu Alta, que aquest 2020 celebra la seva XVI edici\u00f3.\u00a0 Aquest concurs es celebrar\u00e0 el 30 i 31 de mar\u00e7 al Caixaforum de Lleida i acull anualment&hellip;  <a href=\"https:\/\/agora.xtec.cat\/esc-teresabergada\/portada\/ja-tenim-representants-del-concurs-de-l-v-a\/\" title=\"Read Ja tenim representants per al Certamen de Lectura en Veu Alta\">Llegeix m\u00e9s\u00bb<\/a><\/p>\n","protected":false},"author":32,"featured_media":0,"comment_status":"open","ping_status":"closed","sticky":false,"template":"","format":"standard","meta":{"_bbp_topic_count":0,"_bbp_reply_count":0,"_bbp_total_topic_count":0,"_bbp_total_reply_count":0,"_bbp_voice_count":0,"_bbp_anonymous_reply_count":0,"_bbp_topic_count_hidden":0,"_bbp_reply_count_hidden":0,"_bbp_forum_subforum_count":0,"footnotes":""},"categories":[4],"tags":[],"class_list":["post-5719","post","type-post","status-publish","format-standard","hentry","category-portada"],"post_mailing_queue_ids":[],"_links":{"self":[{"href":"https:\/\/agora.xtec.cat\/esc-teresabergada\/wp-json\/wp\/v2\/posts\/5719","targetHints":{"allow":["GET"]}}],"collection":[{"href":"https:\/\/agora.xtec.cat\/esc-teresabergada\/wp-json\/wp\/v2\/posts"}],"about":[{"href":"https:\/\/agora.xtec.cat\/esc-teresabergada\/wp-json\/wp\/v2\/types\/post"}],"author":[{"embeddable":true,"href":"https:\/\/agora.xtec.cat\/esc-teresabergada\/wp-json\/wp\/v2\/users\/32"}],"replies":[{"embeddable":true,"href":"https:\/\/agora.xtec.cat\/esc-teresabergada\/wp-json\/wp\/v2\/comments?post=5719"}],"version-history":[{"count":3,"href":"https:\/\/agora.xtec.cat\/esc-teresabergada\/wp-json\/wp\/v2\/posts\/5719\/revisions"}],"predecessor-version":[{"id":7548,"href":"https:\/\/agora.xtec.cat\/esc-teresabergada\/wp-json\/wp\/v2\/posts\/5719\/revisions\/7548"}],"wp:attachment":[{"href":"https:\/\/agora.xtec.cat\/esc-teresabergada\/wp-json\/wp\/v2\/media?parent=5719"}],"wp:term":[{"taxonomy":"category","embeddable":true,"href":"https:\/\/agora.xtec.cat\/esc-teresabergada\/wp-json\/wp\/v2\/categories?post=5719"},{"taxonomy":"post_tag","embeddable":true,"href":"https:\/\/agora.xtec.cat\/esc-teresabergada\/wp-json\/wp\/v2\/tags?post=5719"}],"curies":[{"name":"wp","href":"https:\/\/api.w.org\/{rel}","templated":true}]}}