{"id":5675,"date":"2020-01-28T15:40:56","date_gmt":"2020-01-28T14:40:56","guid":{"rendered":"http:\/\/agora.xtec.cat\/esc-teresabergada\/?p=5675"},"modified":"2020-09-09T22:17:18","modified_gmt":"2020-09-09T20:17:18","slug":"exposicio-dels-fillols-i-filloles-de-segon","status":"publish","type":"post","link":"https:\/\/agora.xtec.cat\/esc-teresabergada\/blocs-de-primaria\/3r\/exposicio-dels-fillols-i-filloles-de-segon\/","title":{"rendered":"EXPOSICI\u00d3 DELS FILLOLS I FILLOLES DE SEGON"},"content":{"rendered":"<p style=\"text-align: justify\">El passat divendres 24 de gener els nens i les nenes de 2n A ens van convidar a la seva classe per veure una exposici\u00f3 que havien preparat sobre les plantes, aquest \u00e9s el tema del seu primer projecte de medi natural i social.<\/p>\n<p style=\"text-align: justify\">La mestra ens va donar uns fulls amb una r\u00fabrica perqu\u00e8 valor\u00e9ssim l&#8217;exposici\u00f3 de cada equip cooperatiu, n&#8217;hi havia quatre. Cada grup tenia un nom i una maqueta feta amb diferents materials; l&#8217;alumnat de sis\u00e8 i els seus propis companys i companyes de segon\u00a0 hav\u00edem de valorar com ho feien.<\/p>\n<p style=\"text-align: justify\">Tots van explicar les parts de la planta i la funci\u00f3 de la fotos\u00edntesi. Quan van acabar vam donar els fulls a la tutora de segon i els vam fer un fort aplaudiment perqu\u00e8 ho havien fet molt b\u00e9.<\/p>\n<p style=\"text-align: justify\">Moltes gr\u00e0cies nenes i\u00a0 nens de segon per compartir aquestes activitats amb els m\u00e9s grans de l&#8217;escola!<\/p>\n<p style=\"text-align: justify\">\u00c8nia<\/p>\n<p><img loading=\"lazy\" decoding=\"async\" class=\"aligncenter wp-image-5676\" src=\"https:\/\/agora.xtec.cat\/esc-teresabergada\/wp-content\/uploads\/usu1533\/2020\/01\/IMG_5412-e1580222353576-768x1024.jpg\" alt=\"\" width=\"400\" height=\"533\" srcset=\"https:\/\/agora.xtec.cat\/esc-teresabergada\/wp-content\/uploads\/usu1533\/2020\/01\/IMG_5412-e1580222353576-768x1024.jpg 768w, https:\/\/agora.xtec.cat\/esc-teresabergada\/wp-content\/uploads\/usu1533\/2020\/01\/IMG_5412-e1580222353576-225x300.jpg 225w\" sizes=\"auto, (max-width: 400px) 100vw, 400px\" \/><\/p>\n<p><img loading=\"lazy\" decoding=\"async\" class=\"aligncenter wp-image-5677\" src=\"https:\/\/agora.xtec.cat\/esc-teresabergada\/wp-content\/uploads\/usu1533\/2020\/01\/IMG_5413-e1580222373985-768x1024.jpg\" alt=\"\" width=\"400\" height=\"533\" srcset=\"https:\/\/agora.xtec.cat\/esc-teresabergada\/wp-content\/uploads\/usu1533\/2020\/01\/IMG_5413-e1580222373985-768x1024.jpg 768w, https:\/\/agora.xtec.cat\/esc-teresabergada\/wp-content\/uploads\/usu1533\/2020\/01\/IMG_5413-e1580222373985-225x300.jpg 225w\" sizes=\"auto, (max-width: 400px) 100vw, 400px\" \/><\/p>\n<p><img loading=\"lazy\" decoding=\"async\" class=\"aligncenter wp-image-5678\" src=\"https:\/\/agora.xtec.cat\/esc-teresabergada\/wp-content\/uploads\/usu1533\/2020\/01\/IMG_5414-e1580222394939-768x1024.jpg\" alt=\"\" width=\"400\" height=\"533\" srcset=\"https:\/\/agora.xtec.cat\/esc-teresabergada\/wp-content\/uploads\/usu1533\/2020\/01\/IMG_5414-e1580222394939-768x1024.jpg 768w, https:\/\/agora.xtec.cat\/esc-teresabergada\/wp-content\/uploads\/usu1533\/2020\/01\/IMG_5414-e1580222394939-225x300.jpg 225w\" sizes=\"auto, (max-width: 400px) 100vw, 400px\" \/><\/p>\n<p><img loading=\"lazy\" decoding=\"async\" class=\"aligncenter wp-image-5679\" src=\"https:\/\/agora.xtec.cat\/esc-teresabergada\/wp-content\/uploads\/usu1533\/2020\/01\/IMG_5415-1024x768.jpg\" alt=\"\" width=\"400\" height=\"300\" srcset=\"https:\/\/agora.xtec.cat\/esc-teresabergada\/wp-content\/uploads\/usu1533\/2020\/01\/IMG_5415-1024x768.jpg 1024w, https:\/\/agora.xtec.cat\/esc-teresabergada\/wp-content\/uploads\/usu1533\/2020\/01\/IMG_5415-300x225.jpg 300w, https:\/\/agora.xtec.cat\/esc-teresabergada\/wp-content\/uploads\/usu1533\/2020\/01\/IMG_5415-768x576.jpg 768w, https:\/\/agora.xtec.cat\/esc-teresabergada\/wp-content\/uploads\/usu1533\/2020\/01\/IMG_5415-200x150.jpg 200w\" sizes=\"auto, (max-width: 400px) 100vw, 400px\" \/><\/p>\n","protected":false},"excerpt":{"rendered":"<p>El passat divendres 24 de gener els nens i les nenes de 2n A ens van convidar a la seva classe per veure una exposici\u00f3 que havien preparat sobre les plantes, aquest \u00e9s el tema del seu primer projecte de medi natural i social.<br \/>\nLa mestra&hellip;  <a href=\"https:\/\/agora.xtec.cat\/esc-teresabergada\/blocs-de-primaria\/3r\/exposicio-dels-fillols-i-filloles-de-segon\/\" title=\"Read EXPOSICI\u00d3 DELS FILLOLS I FILLOLES DE SEGON\">Llegeix m\u00e9s\u00bb<\/a><\/p>\n","protected":false},"author":32,"featured_media":5679,"comment_status":"open","ping_status":"closed","sticky":false,"template":"","format":"standard","meta":{"_bbp_topic_count":0,"_bbp_reply_count":0,"_bbp_total_topic_count":0,"_bbp_total_reply_count":0,"_bbp_voice_count":0,"_bbp_anonymous_reply_count":0,"_bbp_topic_count_hidden":0,"_bbp_reply_count_hidden":0,"_bbp_forum_subforum_count":0,"footnotes":""},"categories":[238],"tags":[],"class_list":["post-5675","post","type-post","status-publish","format-standard","has-post-thumbnail","hentry","category-3r"],"post_mailing_queue_ids":[],"_links":{"self":[{"href":"https:\/\/agora.xtec.cat\/esc-teresabergada\/wp-json\/wp\/v2\/posts\/5675","targetHints":{"allow":["GET"]}}],"collection":[{"href":"https:\/\/agora.xtec.cat\/esc-teresabergada\/wp-json\/wp\/v2\/posts"}],"about":[{"href":"https:\/\/agora.xtec.cat\/esc-teresabergada\/wp-json\/wp\/v2\/types\/post"}],"author":[{"embeddable":true,"href":"https:\/\/agora.xtec.cat\/esc-teresabergada\/wp-json\/wp\/v2\/users\/32"}],"replies":[{"embeddable":true,"href":"https:\/\/agora.xtec.cat\/esc-teresabergada\/wp-json\/wp\/v2\/comments?post=5675"}],"version-history":[{"count":3,"href":"https:\/\/agora.xtec.cat\/esc-teresabergada\/wp-json\/wp\/v2\/posts\/5675\/revisions"}],"predecessor-version":[{"id":5684,"href":"https:\/\/agora.xtec.cat\/esc-teresabergada\/wp-json\/wp\/v2\/posts\/5675\/revisions\/5684"}],"wp:featuredmedia":[{"embeddable":true,"href":"https:\/\/agora.xtec.cat\/esc-teresabergada\/wp-json\/wp\/v2\/media\/5679"}],"wp:attachment":[{"href":"https:\/\/agora.xtec.cat\/esc-teresabergada\/wp-json\/wp\/v2\/media?parent=5675"}],"wp:term":[{"taxonomy":"category","embeddable":true,"href":"https:\/\/agora.xtec.cat\/esc-teresabergada\/wp-json\/wp\/v2\/categories?post=5675"},{"taxonomy":"post_tag","embeddable":true,"href":"https:\/\/agora.xtec.cat\/esc-teresabergada\/wp-json\/wp\/v2\/tags?post=5675"}],"curies":[{"name":"wp","href":"https:\/\/api.w.org\/{rel}","templated":true}]}}