{"id":5671,"date":"2020-01-28T14:21:53","date_gmt":"2020-01-28T13:21:53","guid":{"rendered":"http:\/\/agora.xtec.cat\/esc-teresabergada\/?p=5671"},"modified":"2020-01-29T02:37:48","modified_gmt":"2020-01-29T01:37:48","slug":"els-minerals-del-pol","status":"publish","type":"post","link":"https:\/\/agora.xtec.cat\/esc-teresabergada\/general\/els-minerals-del-pol\/","title":{"rendered":"ELS MINERALS DEL POL"},"content":{"rendered":"<p style=\"text-align: justify\">El dijous 16 de gener va ser un dia fant\u00e0stic, la q\u00fcesti\u00f3 \u00e9s&#8230;per qu\u00e8? Doncs perqu\u00e8 el Pol va portar els seus minerals a classe. Cap de nosaltres sabia que n&#8217;haguessin tants i sobretot tan bonics; els experts diuen que a\u00a0la Terra hi ha molts tipus de minerals, se\u2019n coneixen uns 4000 de diferents.<\/p>\n<p style=\"text-align: justify\">El que m\u00e9s ens va agradar va ser que un mineral anomenat <em>fluorita<\/em> si el poses damunt d&#8217;una llanterna es veuen tots els colors del seu interior:lila,blau,gris&#8230;D&#8217;altres com la <em>malaquita<\/em> \u00e9s un mineral de color verd, del qual s&#8217;obt\u00e9 el coure i s&#8221;utilitza en joieria; o tamb\u00e9\u00a0 la <em>magnetita<\/em>, aquest \u00e9s de color negre i\u00a0 \u00a0atreu el ferro, s&#8217;utilitza com a iman.<\/p>\n<p style=\"text-align: justify\">El Pol \u00e9s un gran expert, sap moltes coses dels minerals i t\u00e9 una col\u00b7lecci\u00f3 fant\u00e0stica. Estem molt contents\/tes que hagi volgut compartir-ho amb nosaltres.<\/p>\n<p>Avril<\/p>\n<p><img loading=\"lazy\" decoding=\"async\" class=\"aligncenter wp-image-5673\" src=\"https:\/\/agora.xtec.cat\/esc-teresabergada\/wp-content\/uploads\/usu1533\/2020\/01\/IMG_5377-300x225.jpg\" alt=\"\" width=\"400\" height=\"300\" srcset=\"https:\/\/agora.xtec.cat\/esc-teresabergada\/wp-content\/uploads\/usu1533\/2020\/01\/IMG_5377-300x225.jpg 300w, https:\/\/agora.xtec.cat\/esc-teresabergada\/wp-content\/uploads\/usu1533\/2020\/01\/IMG_5377-768x576.jpg 768w, https:\/\/agora.xtec.cat\/esc-teresabergada\/wp-content\/uploads\/usu1533\/2020\/01\/IMG_5377-1024x769.jpg 1024w, https:\/\/agora.xtec.cat\/esc-teresabergada\/wp-content\/uploads\/usu1533\/2020\/01\/IMG_5377-200x150.jpg 200w\" sizes=\"auto, (max-width: 400px) 100vw, 400px\" \/><\/p>\n<p><img loading=\"lazy\" decoding=\"async\" class=\"aligncenter wp-image-5685\" src=\"https:\/\/agora.xtec.cat\/esc-teresabergada\/wp-content\/uploads\/usu1533\/2020\/01\/IMG_5376-300x225.jpg\" alt=\"\" width=\"400\" height=\"300\" \/><\/p>\n","protected":false},"excerpt":{"rendered":"<p>El dijous 16 de gener va ser un dia fant\u00e0stic, la q\u00fcesti\u00f3 \u00e9s&#8230;per qu\u00e8? Doncs perqu\u00e8 el Pol va portar els seus minerals a classe. Cap de nosaltres sabia que n&#8217;haguessin tants i sobretot tan bonics; els experts diuen que a\u00a0la Terra hi ha molts&hellip;  <a href=\"https:\/\/agora.xtec.cat\/esc-teresabergada\/general\/els-minerals-del-pol\/\" title=\"Read ELS MINERALS DEL POL\">Llegeix m\u00e9s\u00bb<\/a><\/p>\n","protected":false},"author":32,"featured_media":5673,"comment_status":"open","ping_status":"closed","sticky":false,"template":"","format":"standard","meta":{"_bbp_topic_count":0,"_bbp_reply_count":0,"_bbp_total_topic_count":0,"_bbp_total_reply_count":0,"_bbp_voice_count":0,"_bbp_anonymous_reply_count":0,"_bbp_topic_count_hidden":0,"_bbp_reply_count_hidden":0,"_bbp_forum_subforum_count":0,"footnotes":""},"categories":[1],"tags":[],"class_list":["post-5671","post","type-post","status-publish","format-standard","has-post-thumbnail","hentry","category-general"],"post_mailing_queue_ids":[],"_links":{"self":[{"href":"https:\/\/agora.xtec.cat\/esc-teresabergada\/wp-json\/wp\/v2\/posts\/5671","targetHints":{"allow":["GET"]}}],"collection":[{"href":"https:\/\/agora.xtec.cat\/esc-teresabergada\/wp-json\/wp\/v2\/posts"}],"about":[{"href":"https:\/\/agora.xtec.cat\/esc-teresabergada\/wp-json\/wp\/v2\/types\/post"}],"author":[{"embeddable":true,"href":"https:\/\/agora.xtec.cat\/esc-teresabergada\/wp-json\/wp\/v2\/users\/32"}],"replies":[{"embeddable":true,"href":"https:\/\/agora.xtec.cat\/esc-teresabergada\/wp-json\/wp\/v2\/comments?post=5671"}],"version-history":[{"count":3,"href":"https:\/\/agora.xtec.cat\/esc-teresabergada\/wp-json\/wp\/v2\/posts\/5671\/revisions"}],"predecessor-version":[{"id":5688,"href":"https:\/\/agora.xtec.cat\/esc-teresabergada\/wp-json\/wp\/v2\/posts\/5671\/revisions\/5688"}],"wp:featuredmedia":[{"embeddable":true,"href":"https:\/\/agora.xtec.cat\/esc-teresabergada\/wp-json\/wp\/v2\/media\/5673"}],"wp:attachment":[{"href":"https:\/\/agora.xtec.cat\/esc-teresabergada\/wp-json\/wp\/v2\/media?parent=5671"}],"wp:term":[{"taxonomy":"category","embeddable":true,"href":"https:\/\/agora.xtec.cat\/esc-teresabergada\/wp-json\/wp\/v2\/categories?post=5671"},{"taxonomy":"post_tag","embeddable":true,"href":"https:\/\/agora.xtec.cat\/esc-teresabergada\/wp-json\/wp\/v2\/tags?post=5671"}],"curies":[{"name":"wp","href":"https:\/\/api.w.org\/{rel}","templated":true}]}}