{"id":5640,"date":"2020-01-23T19:53:39","date_gmt":"2020-01-23T18:53:39","guid":{"rendered":"http:\/\/agora.xtec.cat\/esc-teresabergada\/?p=5640"},"modified":"2021-10-06T22:58:04","modified_gmt":"2021-10-06T20:58:04","slug":"presentem-el-projecte-de-lunivers","status":"publish","type":"post","link":"https:\/\/agora.xtec.cat\/esc-teresabergada\/blocs-de-primaria\/6e\/presentem-el-projecte-de-lunivers\/","title":{"rendered":"PRESENTEM EL PROJECTE UNIVERS!"},"content":{"rendered":"<h4 style=\"text-align: justify;\">L&#8217;alumnat de 3r i 4t ja estem preparant la presentaci\u00f3 del nostre <em><span style=\"color: #333399;\">PROJECTE UNIVERS!<\/span><\/em><br \/>\nEl vam comen\u00e7ar al mes de setembre i ens ha durat fins ara. Ens ha fascinat tot el tema de l&#8217;univers, hem apr\u00e8s molt i ho volem explicar a les nostres fam\u00edlies. Aquests dies ja hem comen\u00e7at a preparar i a organitzar amb moltes ganes la presentaci\u00f3.<\/h4>\n<h4 style=\"text-align: justify;\">Us compartim el cartell\u00a0on s&#8217;anuncien els dies que exposar\u00e0 cada classe.<\/h4>\n<h3 style=\"text-align: center;\">Us hi esperem a totes i a tots!<\/h3>\n<h3 style=\"text-align: center;\">No hi podeu faltar!<\/h3>\n<p style=\"text-align: center;\"><a href=\"https:\/\/agora.xtec.cat\/esc-teresabergada\/wp-content\/uploads\/usu1533\/2020\/01\/CARTELL-PROJECTE-UNIVERS.png\"><img loading=\"lazy\" decoding=\"async\" class=\"alignnone wp-image-5641\" src=\"https:\/\/agora.xtec.cat\/esc-teresabergada\/wp-content\/uploads\/usu1533\/2020\/01\/CARTELL-PROJECTE-UNIVERS-724x1024.png\" alt=\"\" width=\"536\" height=\"758\" srcset=\"https:\/\/agora.xtec.cat\/esc-teresabergada\/wp-content\/uploads\/usu1533\/2020\/01\/CARTELL-PROJECTE-UNIVERS-724x1024.png 724w, https:\/\/agora.xtec.cat\/esc-teresabergada\/wp-content\/uploads\/usu1533\/2020\/01\/CARTELL-PROJECTE-UNIVERS-212x300.png 212w, https:\/\/agora.xtec.cat\/esc-teresabergada\/wp-content\/uploads\/usu1533\/2020\/01\/CARTELL-PROJECTE-UNIVERS-768x1086.png 768w, https:\/\/agora.xtec.cat\/esc-teresabergada\/wp-content\/uploads\/usu1533\/2020\/01\/CARTELL-PROJECTE-UNIVERS.png 1587w\" sizes=\"auto, (max-width: 536px) 100vw, 536px\" \/><\/a><\/p>\n","protected":false},"excerpt":{"rendered":"<p>PRESENTACI\u00d3 DEL PROJECTE UNIVERS&hellip;  <a href=\"https:\/\/agora.xtec.cat\/esc-teresabergada\/blocs-de-primaria\/6e\/presentem-el-projecte-de-lunivers\/\" title=\"Read PRESENTEM EL PROJECTE UNIVERS!\">Llegeix m\u00e9s\u00bb<\/a><\/p>\n","protected":false},"author":28,"featured_media":5641,"comment_status":"open","ping_status":"closed","sticky":false,"template":"","format":"standard","meta":{"_bbp_topic_count":0,"_bbp_reply_count":0,"_bbp_total_topic_count":0,"_bbp_total_reply_count":0,"_bbp_voice_count":0,"_bbp_anonymous_reply_count":0,"_bbp_topic_count_hidden":0,"_bbp_reply_count_hidden":0,"_bbp_forum_subforum_count":0,"footnotes":""},"categories":[349,240],"tags":[],"class_list":["post-5640","post","type-post","status-publish","format-standard","has-post-thumbnail","hentry","category-5e","category-6e"],"post_mailing_queue_ids":[],"_links":{"self":[{"href":"https:\/\/agora.xtec.cat\/esc-teresabergada\/wp-json\/wp\/v2\/posts\/5640","targetHints":{"allow":["GET"]}}],"collection":[{"href":"https:\/\/agora.xtec.cat\/esc-teresabergada\/wp-json\/wp\/v2\/posts"}],"about":[{"href":"https:\/\/agora.xtec.cat\/esc-teresabergada\/wp-json\/wp\/v2\/types\/post"}],"author":[{"embeddable":true,"href":"https:\/\/agora.xtec.cat\/esc-teresabergada\/wp-json\/wp\/v2\/users\/28"}],"replies":[{"embeddable":true,"href":"https:\/\/agora.xtec.cat\/esc-teresabergada\/wp-json\/wp\/v2\/comments?post=5640"}],"version-history":[{"count":3,"href":"https:\/\/agora.xtec.cat\/esc-teresabergada\/wp-json\/wp\/v2\/posts\/5640\/revisions"}],"predecessor-version":[{"id":9730,"href":"https:\/\/agora.xtec.cat\/esc-teresabergada\/wp-json\/wp\/v2\/posts\/5640\/revisions\/9730"}],"wp:featuredmedia":[{"embeddable":true,"href":"https:\/\/agora.xtec.cat\/esc-teresabergada\/wp-json\/wp\/v2\/media\/5641"}],"wp:attachment":[{"href":"https:\/\/agora.xtec.cat\/esc-teresabergada\/wp-json\/wp\/v2\/media?parent=5640"}],"wp:term":[{"taxonomy":"category","embeddable":true,"href":"https:\/\/agora.xtec.cat\/esc-teresabergada\/wp-json\/wp\/v2\/categories?post=5640"},{"taxonomy":"post_tag","embeddable":true,"href":"https:\/\/agora.xtec.cat\/esc-teresabergada\/wp-json\/wp\/v2\/tags?post=5640"}],"curies":[{"name":"wp","href":"https:\/\/api.w.org\/{rel}","templated":true}]}}