{"id":5611,"date":"2020-01-02T22:07:18","date_gmt":"2020-01-02T21:07:18","guid":{"rendered":"http:\/\/agora.xtec.cat\/esc-teresabergada\/?p=5611"},"modified":"2020-01-19T22:15:08","modified_gmt":"2020-01-19T21:15:08","slug":"festival-de-nadal-2","status":"publish","type":"post","link":"https:\/\/agora.xtec.cat\/esc-teresabergada\/portada\/festival-de-nadal-2\/","title":{"rendered":"Festival de Nadal"},"content":{"rendered":"<p>&nbsp;<\/p>\n<p>El Pin i el Puk, un parell d&#8217;embolicadors de regals molt atrafegats, ens van acompanyar en el Festival de Nadal que vam celebrar l&#8217;\u00faltim dia de trimestre, al Casal.<\/p>\n<p>Amb l&#8217;objectiu de realitzar les pr\u00e0ctiques per poder treure&#8217;s el t\u00edtol d&#8217;Ajudants del Pare Noel, i gr\u00e0cies a tots els objectes que vam anar portant a les nostres actuacions, van poder superar la primera lli\u00e7\u00f3, que era &#8220;Com guarnir un arbre de Nadal&#8221;.<\/p>\n<p>Entre tot l&#8217;alumnat de l&#8217;escola vam donar-los un cop de m\u00e0 per a qu\u00e8, en acabar la festa, pogu\u00e9ssim fer l&#8217;encesa de les llums de l&#8217;Arbre.<\/p>\n<p>Cliqueu a la imatge, i veureu les imatges del Festival.<\/p>\n<p><a href=\"https:\/\/photos.app.goo.gl\/fuqQFsSzbafdpnLf6\"><img loading=\"lazy\" decoding=\"async\" class=\"aligncenter wp-image-5623 size-large\" src=\"https:\/\/agora.xtec.cat\/esc-teresabergada\/wp-content\/uploads\/usu1533\/2020\/01\/foto-article-nadal-1024x545.jpg\" alt=\"\" width=\"1024\" height=\"545\" srcset=\"https:\/\/agora.xtec.cat\/esc-teresabergada\/wp-content\/uploads\/usu1533\/2020\/01\/foto-article-nadal-1024x545.jpg 1024w, https:\/\/agora.xtec.cat\/esc-teresabergada\/wp-content\/uploads\/usu1533\/2020\/01\/foto-article-nadal-300x160.jpg 300w, https:\/\/agora.xtec.cat\/esc-teresabergada\/wp-content\/uploads\/usu1533\/2020\/01\/foto-article-nadal-768x409.jpg 768w\" sizes=\"auto, (max-width: 1024px) 100vw, 1024px\" \/><\/a><\/p>\n<p>&nbsp;<\/p>\n","protected":false},"excerpt":{"rendered":"<p>&nbsp;<br \/>\nEl Pin i el Puk, un parell d&#8217;embolicadors de regals molt atrafegats, ens van acompanyar en el Festival de Nadal que vam celebrar l&#8217;\u00faltim dia de trimestre, al Casal.<br \/>\nAmb l&#8217;objectiu de realitzar les pr\u00e0ctiques per poder treure&#8217;s el t\u00edtol d&#8217;Ajudants del Pare Noel, i gr\u00e0cies&hellip;  <a href=\"https:\/\/agora.xtec.cat\/esc-teresabergada\/portada\/festival-de-nadal-2\/\" title=\"Read Festival de Nadal\">Llegeix m\u00e9s\u00bb<\/a><\/p>\n","protected":false},"author":1,"featured_media":5623,"comment_status":"open","ping_status":"closed","sticky":false,"template":"","format":"standard","meta":{"_bbp_topic_count":0,"_bbp_reply_count":0,"_bbp_total_topic_count":0,"_bbp_total_reply_count":0,"_bbp_voice_count":0,"_bbp_anonymous_reply_count":0,"_bbp_topic_count_hidden":0,"_bbp_reply_count_hidden":0,"_bbp_forum_subforum_count":0,"footnotes":""},"categories":[4],"tags":[],"class_list":["post-5611","post","type-post","status-publish","format-standard","has-post-thumbnail","hentry","category-portada"],"post_mailing_queue_ids":[],"_links":{"self":[{"href":"https:\/\/agora.xtec.cat\/esc-teresabergada\/wp-json\/wp\/v2\/posts\/5611","targetHints":{"allow":["GET"]}}],"collection":[{"href":"https:\/\/agora.xtec.cat\/esc-teresabergada\/wp-json\/wp\/v2\/posts"}],"about":[{"href":"https:\/\/agora.xtec.cat\/esc-teresabergada\/wp-json\/wp\/v2\/types\/post"}],"author":[{"embeddable":true,"href":"https:\/\/agora.xtec.cat\/esc-teresabergada\/wp-json\/wp\/v2\/users\/1"}],"replies":[{"embeddable":true,"href":"https:\/\/agora.xtec.cat\/esc-teresabergada\/wp-json\/wp\/v2\/comments?post=5611"}],"version-history":[{"count":3,"href":"https:\/\/agora.xtec.cat\/esc-teresabergada\/wp-json\/wp\/v2\/posts\/5611\/revisions"}],"predecessor-version":[{"id":5624,"href":"https:\/\/agora.xtec.cat\/esc-teresabergada\/wp-json\/wp\/v2\/posts\/5611\/revisions\/5624"}],"wp:featuredmedia":[{"embeddable":true,"href":"https:\/\/agora.xtec.cat\/esc-teresabergada\/wp-json\/wp\/v2\/media\/5623"}],"wp:attachment":[{"href":"https:\/\/agora.xtec.cat\/esc-teresabergada\/wp-json\/wp\/v2\/media?parent=5611"}],"wp:term":[{"taxonomy":"category","embeddable":true,"href":"https:\/\/agora.xtec.cat\/esc-teresabergada\/wp-json\/wp\/v2\/categories?post=5611"},{"taxonomy":"post_tag","embeddable":true,"href":"https:\/\/agora.xtec.cat\/esc-teresabergada\/wp-json\/wp\/v2\/tags?post=5611"}],"curies":[{"name":"wp","href":"https:\/\/api.w.org\/{rel}","templated":true}]}}