{"id":5607,"date":"2020-01-17T23:54:24","date_gmt":"2020-01-17T22:54:24","guid":{"rendered":"http:\/\/agora.xtec.cat\/esc-teresabergada\/?p=5607"},"modified":"2020-01-17T23:54:24","modified_gmt":"2020-01-17T22:54:24","slug":"la-capsa-de-la-vida-de-lemma","status":"publish","type":"post","link":"https:\/\/agora.xtec.cat\/esc-teresabergada\/infantil\/la-capsa-de-la-vida-de-lemma\/","title":{"rendered":"La capsa de la vida de l\u00b4Emma"},"content":{"rendered":"<p>Avui l\u00b4Emma acompanyada del Josep Maria, el seu pare, ha compartit la seva capsa de la vida.<\/p>\n<p>Ha portat diversos tresors: en primer lloc ens ha ensenyat un caminador de fusta. Tamb\u00e9 ens ha portat dos peluixs especials, un que es podia pentinar i un altre que feia sons i es podia alimentar.<\/p>\n<p>Paral.lelament, ha portat una sel.lecci\u00f3 de fotos capturant moments\u00a0 plaents i significatius per l\u00b4Emma. Aficions compartides en el marc de la seva fam\u00edlia: estones a l\u00b4hort amb els padrins,\u00a0 viatges, jocs&#8230;<\/p>\n<p>D\u00b4altra banda, tamb\u00e9 ha portat un conte de les tres bessones quan eren beb\u00e8s i el Josep Maria ens ha explicat que la seva mare tamb\u00e9 va tenir tres nenes alhora:la Marta, la Maria i la Montse.<\/p>\n<p>Per cloure hem ballat la can\u00e7\u00f3 de la &#8220;Rumba de la castanya&#8221; del Pot Petit.<\/p>\n<p>Moltes gr\u00e0cies fam\u00edla per compartir els vostres tresors.<\/p>\n<p>Si cliqueu a la imatge veureu un petit recull fotogr\u00e0fic.<\/p>\n<p><a href=\"https:\/\/photos.app.goo.gl\/cLyA3wiSQ6v7R8uR6\"><img loading=\"lazy\" decoding=\"async\" class=\"alignnone size-large wp-image-5608\" src=\"https:\/\/agora.xtec.cat\/esc-teresabergada\/wp-content\/uploads\/usu1533\/2020\/01\/Cream-and-Green-World-Environment-Day-Talk-Instagram-Post-1024x1024.jpg\" alt=\"\" width=\"1024\" height=\"1024\" \/><\/a><\/p>\n","protected":false},"excerpt":{"rendered":"<p>Avui l\u00b4Emma acompanyada del Josep Maria, el seu pare, ha compartit la seva capsa de la vida.<br \/>\nHa portat diversos tresors: en primer lloc ens ha ensenyat un caminador de fusta. Tamb\u00e9 ens ha portat dos peluixs especials, un que es podia pentinar i un altre&hellip;  <a href=\"https:\/\/agora.xtec.cat\/esc-teresabergada\/infantil\/la-capsa-de-la-vida-de-lemma\/\" title=\"Read La capsa de la vida de l\u00b4Emma\">Llegeix m\u00e9s\u00bb<\/a><\/p>\n","protected":false},"author":1,"featured_media":0,"comment_status":"open","ping_status":"closed","sticky":false,"template":"","format":"standard","meta":{"_bbp_topic_count":0,"_bbp_reply_count":0,"_bbp_total_topic_count":0,"_bbp_total_reply_count":0,"_bbp_voice_count":0,"_bbp_anonymous_reply_count":0,"_bbp_topic_count_hidden":0,"_bbp_reply_count_hidden":0,"_bbp_forum_subforum_count":0,"footnotes":""},"categories":[236,2],"tags":[121],"class_list":["post-5607","post","type-post","status-publish","format-standard","hentry","category-i4","category-infantil","tag-educacio-infantil"],"post_mailing_queue_ids":[],"_links":{"self":[{"href":"https:\/\/agora.xtec.cat\/esc-teresabergada\/wp-json\/wp\/v2\/posts\/5607","targetHints":{"allow":["GET"]}}],"collection":[{"href":"https:\/\/agora.xtec.cat\/esc-teresabergada\/wp-json\/wp\/v2\/posts"}],"about":[{"href":"https:\/\/agora.xtec.cat\/esc-teresabergada\/wp-json\/wp\/v2\/types\/post"}],"author":[{"embeddable":true,"href":"https:\/\/agora.xtec.cat\/esc-teresabergada\/wp-json\/wp\/v2\/users\/1"}],"replies":[{"embeddable":true,"href":"https:\/\/agora.xtec.cat\/esc-teresabergada\/wp-json\/wp\/v2\/comments?post=5607"}],"version-history":[{"count":2,"href":"https:\/\/agora.xtec.cat\/esc-teresabergada\/wp-json\/wp\/v2\/posts\/5607\/revisions"}],"predecessor-version":[{"id":5610,"href":"https:\/\/agora.xtec.cat\/esc-teresabergada\/wp-json\/wp\/v2\/posts\/5607\/revisions\/5610"}],"wp:attachment":[{"href":"https:\/\/agora.xtec.cat\/esc-teresabergada\/wp-json\/wp\/v2\/media?parent=5607"}],"wp:term":[{"taxonomy":"category","embeddable":true,"href":"https:\/\/agora.xtec.cat\/esc-teresabergada\/wp-json\/wp\/v2\/categories?post=5607"},{"taxonomy":"post_tag","embeddable":true,"href":"https:\/\/agora.xtec.cat\/esc-teresabergada\/wp-json\/wp\/v2\/tags?post=5607"}],"curies":[{"name":"wp","href":"https:\/\/api.w.org\/{rel}","templated":true}]}}