{"id":5598,"date":"2020-01-16T20:27:10","date_gmt":"2020-01-16T19:27:10","guid":{"rendered":"http:\/\/agora.xtec.cat\/esc-teresabergada\/?p=5598"},"modified":"2020-01-16T20:27:10","modified_gmt":"2020-01-16T19:27:10","slug":"la-capsa-de-la-vida-del-quim","status":"publish","type":"post","link":"https:\/\/agora.xtec.cat\/esc-teresabergada\/infantil\/la-capsa-de-la-vida-del-quim\/","title":{"rendered":"La capsa de la vida del Quim"},"content":{"rendered":"<p>Avui ha estat el torn del Quim que conjuntament amb la Gisela, la seva mare, ha compartit la seva capsa.<\/p>\n<p>En primer lloc, ens han\u00a0 explicat que com que \u00e9s una capsa de VIDA i la vida comen\u00e7a dins la panxa de la mare el primer tresor havia de ser una foto del Quim\u00a0 de quan era dins la panxa de la mare. I realment semblava una foto de la cara del Quim actualment.<\/p>\n<p>Continuarem estirant d\u00b4aquest fil d\u00b4ariadna per a aprofundir en aquest aprenentatge sobre la vida intrauterina. Tot un misteri, per\u00f2 alhora molt interessant i m\u00e0gica pels nostres infants.<\/p>\n<p>Tamb\u00e9 <span style=\"font-family: inherit;font-size: 1em\">ens han ensenyat uns contes musicals que li agradaven molt de petit\u00f3. I \u00e9s que la m\u00fasica li encanta al Quim!\u00a0 <\/span><\/p>\n<p>La Gisela ens ha explicat un conte amb sons que representaven animals i ens n\u00b4ha deixat un altre de la m\u00fasica d\u00b4en Vivaldi que l\u00b4explicarem a l\u00b4aula.<\/p>\n<p>Finalment, el Quim ha compartit un peluix de drac perqu\u00e8 l\u00b4apassiona la llegenda de St Jordi i el carisma del drac.<\/p>\n<p>Ens hem acomiadat bo i escoltant la can\u00e7\u00f3 de &#8220;Sant Jordi arriba&#8221; de la D\u00e0maris Gelabert.<\/p>\n<p>Molt\u00edssimes gr\u00e0cies fam\u00edlia per a compartir aquests tresors.<\/p>\n<p>Si cliqueu a la imatge veureu un petit recull fotogr\u00e0fic.<\/p>\n<p>&nbsp;<\/p>\n<p><a href=\"https:\/\/photos.app.goo.gl\/G66i4oPczcjF1L3DA\"><img loading=\"lazy\" decoding=\"async\" class=\"alignnone size-large wp-image-5599\" src=\"https:\/\/agora.xtec.cat\/esc-teresabergada\/wp-content\/uploads\/usu1533\/2020\/01\/La-capsa-de-la-vida-de-la-Dana-2-1024x1024.jpg\" alt=\"\" width=\"1024\" height=\"1024\" \/><\/a><\/p>\n","protected":false},"excerpt":{"rendered":"<p>Avui ha estat el torn del Quim que conjuntament amb la Gisela, la seva mare, ha compartit la seva capsa.<br \/>\nEn primer lloc, ens han\u00a0 explicat que com que \u00e9s una capsa de VIDA i la vida comen\u00e7a dins la panxa de la mare el primer&hellip;  <a href=\"https:\/\/agora.xtec.cat\/esc-teresabergada\/infantil\/la-capsa-de-la-vida-del-quim\/\" title=\"Read La capsa de la vida del Quim\">Llegeix m\u00e9s\u00bb<\/a><\/p>\n","protected":false},"author":1,"featured_media":0,"comment_status":"open","ping_status":"closed","sticky":false,"template":"","format":"standard","meta":{"_bbp_topic_count":0,"_bbp_reply_count":0,"_bbp_total_topic_count":0,"_bbp_total_reply_count":0,"_bbp_voice_count":0,"_bbp_anonymous_reply_count":0,"_bbp_topic_count_hidden":0,"_bbp_reply_count_hidden":0,"_bbp_forum_subforum_count":0,"footnotes":""},"categories":[236,2],"tags":[121],"class_list":["post-5598","post","type-post","status-publish","format-standard","hentry","category-i4","category-infantil","tag-educacio-infantil"],"post_mailing_queue_ids":[],"_links":{"self":[{"href":"https:\/\/agora.xtec.cat\/esc-teresabergada\/wp-json\/wp\/v2\/posts\/5598","targetHints":{"allow":["GET"]}}],"collection":[{"href":"https:\/\/agora.xtec.cat\/esc-teresabergada\/wp-json\/wp\/v2\/posts"}],"about":[{"href":"https:\/\/agora.xtec.cat\/esc-teresabergada\/wp-json\/wp\/v2\/types\/post"}],"author":[{"embeddable":true,"href":"https:\/\/agora.xtec.cat\/esc-teresabergada\/wp-json\/wp\/v2\/users\/1"}],"replies":[{"embeddable":true,"href":"https:\/\/agora.xtec.cat\/esc-teresabergada\/wp-json\/wp\/v2\/comments?post=5598"}],"version-history":[{"count":1,"href":"https:\/\/agora.xtec.cat\/esc-teresabergada\/wp-json\/wp\/v2\/posts\/5598\/revisions"}],"predecessor-version":[{"id":5600,"href":"https:\/\/agora.xtec.cat\/esc-teresabergada\/wp-json\/wp\/v2\/posts\/5598\/revisions\/5600"}],"wp:attachment":[{"href":"https:\/\/agora.xtec.cat\/esc-teresabergada\/wp-json\/wp\/v2\/media?parent=5598"}],"wp:term":[{"taxonomy":"category","embeddable":true,"href":"https:\/\/agora.xtec.cat\/esc-teresabergada\/wp-json\/wp\/v2\/categories?post=5598"},{"taxonomy":"post_tag","embeddable":true,"href":"https:\/\/agora.xtec.cat\/esc-teresabergada\/wp-json\/wp\/v2\/tags?post=5598"}],"curies":[{"name":"wp","href":"https:\/\/api.w.org\/{rel}","templated":true}]}}