{"id":5589,"date":"2020-01-15T00:05:01","date_gmt":"2020-01-14T23:05:01","guid":{"rendered":"http:\/\/agora.xtec.cat\/esc-teresabergada\/?p=5589"},"modified":"2020-01-15T00:06:27","modified_gmt":"2020-01-14T23:06:27","slug":"la-capsa-de-la-vida-de-la-melany","status":"publish","type":"post","link":"https:\/\/agora.xtec.cat\/esc-teresabergada\/infantil\/la-capsa-de-la-vida-de-la-melany\/","title":{"rendered":"La capsa de la vida de la Melany"},"content":{"rendered":"<p>La Melany ha compartit els seus tresors conjuntament amb els seus pares, la Yolanda i el Josep.<\/p>\n<p>Ens ha portat un hipop\u00f2tam de peluix que la va acompanyar des del dia que va n\u00e9ixer i, de fet hem vist una foto on era m\u00e9s gran que ella.<\/p>\n<p>Tamb\u00e9 ha compartit les &#8220;manoples&#8221; de naixement, investigarem perqu\u00e8 les posen als nounats.<\/p>\n<p>En tercer lloc ens hem conegut la seva manteta preferida: suau i c\u00e0lida, que seguritza a la Melany.<\/p>\n<p>Paral.lelament, ens ha ensenyat dos dibuixos: una petjada de dinosaures, perqu\u00e8 li encanten els animals i el dibuix de la seva fam\u00edlia, el tresor m\u00e9s important de la seva vida.<\/p>\n<p>Finalment, hem gaudit d\u00b4all\u00f2 m\u00e9s de la sorpresa que ens tenien preparada: el &#8220;copito&#8221;, la seva mascota. L\u00b4hem tocat,acaronat i li hem donat menjar (patata i pa).<\/p>\n<p>Quina emoci\u00f3!<\/p>\n<p>Hem acabat la sessi\u00f3 ballant i cantant plegats la can\u00e7\u00f3 del Parx\u00eds de &#8220;Cumplea\u00f1os feli\u00e7&#8221;, que tant li agrada a la Melany.<\/p>\n<p>Moltes gr\u00e0cies fam\u00edlia per compartir aquestes estones tan entranyables !<\/p>\n<p>Si cliqueu damunt de la imatge veureu un petit recull fotogr\u00e0fic.<\/p>\n<p><a href=\"https:\/\/photos.app.goo.gl\/kDhjg5cU2nixDny66\"><img loading=\"lazy\" decoding=\"async\" class=\"alignnone size-large wp-image-5590\" src=\"https:\/\/agora.xtec.cat\/esc-teresabergada\/wp-content\/uploads\/usu1533\/2020\/01\/La-capsa-de-la-vida-de-la-Melany-1024x576.jpg\" alt=\"\" width=\"1024\" height=\"576\" \/><\/a><\/p>\n","protected":false},"excerpt":{"rendered":"<p>La Melany ha compartit els seus tresors conjuntament amb els seus pares, la Yolanda i el Josep.<br \/>\nEns ha portat un hipop\u00f2tam de peluix que la va acompanyar des del dia que va n\u00e9ixer i, de fet hem vist una foto on era m\u00e9s gran que&hellip;  <a href=\"https:\/\/agora.xtec.cat\/esc-teresabergada\/infantil\/la-capsa-de-la-vida-de-la-melany\/\" title=\"Read La capsa de la vida de la Melany\">Llegeix m\u00e9s\u00bb<\/a><\/p>\n","protected":false},"author":1,"featured_media":0,"comment_status":"open","ping_status":"closed","sticky":false,"template":"","format":"standard","meta":{"_bbp_topic_count":0,"_bbp_reply_count":0,"_bbp_total_topic_count":0,"_bbp_total_reply_count":0,"_bbp_voice_count":0,"_bbp_anonymous_reply_count":0,"_bbp_topic_count_hidden":0,"_bbp_reply_count_hidden":0,"_bbp_forum_subforum_count":0,"footnotes":""},"categories":[236,2],"tags":[121],"class_list":["post-5589","post","type-post","status-publish","format-standard","hentry","category-i4","category-infantil","tag-educacio-infantil"],"post_mailing_queue_ids":[],"_links":{"self":[{"href":"https:\/\/agora.xtec.cat\/esc-teresabergada\/wp-json\/wp\/v2\/posts\/5589","targetHints":{"allow":["GET"]}}],"collection":[{"href":"https:\/\/agora.xtec.cat\/esc-teresabergada\/wp-json\/wp\/v2\/posts"}],"about":[{"href":"https:\/\/agora.xtec.cat\/esc-teresabergada\/wp-json\/wp\/v2\/types\/post"}],"author":[{"embeddable":true,"href":"https:\/\/agora.xtec.cat\/esc-teresabergada\/wp-json\/wp\/v2\/users\/1"}],"replies":[{"embeddable":true,"href":"https:\/\/agora.xtec.cat\/esc-teresabergada\/wp-json\/wp\/v2\/comments?post=5589"}],"version-history":[{"count":3,"href":"https:\/\/agora.xtec.cat\/esc-teresabergada\/wp-json\/wp\/v2\/posts\/5589\/revisions"}],"predecessor-version":[{"id":5593,"href":"https:\/\/agora.xtec.cat\/esc-teresabergada\/wp-json\/wp\/v2\/posts\/5589\/revisions\/5593"}],"wp:attachment":[{"href":"https:\/\/agora.xtec.cat\/esc-teresabergada\/wp-json\/wp\/v2\/media?parent=5589"}],"wp:term":[{"taxonomy":"category","embeddable":true,"href":"https:\/\/agora.xtec.cat\/esc-teresabergada\/wp-json\/wp\/v2\/categories?post=5589"},{"taxonomy":"post_tag","embeddable":true,"href":"https:\/\/agora.xtec.cat\/esc-teresabergada\/wp-json\/wp\/v2\/tags?post=5589"}],"curies":[{"name":"wp","href":"https:\/\/api.w.org\/{rel}","templated":true}]}}