{"id":5585,"date":"2020-01-14T00:07:05","date_gmt":"2020-01-13T23:07:05","guid":{"rendered":"http:\/\/agora.xtec.cat\/esc-teresabergada\/?p=5585"},"modified":"2020-01-14T00:07:05","modified_gmt":"2020-01-13T23:07:05","slug":"la-capsa-de-la-vida-de-lanais","status":"publish","type":"post","link":"https:\/\/agora.xtec.cat\/esc-teresabergada\/infantil\/la-capsa-de-la-vida-de-lanais\/","title":{"rendered":"La capsa de la vida de l\u00b4Ana\u00efs"},"content":{"rendered":"<p>Avui l\u00b4Ana\u00efs, ajudada per l\u00b4Espe, la seva mare, ha compartit els seus tresors.<\/p>\n<p>En primer lloc, un preci\u00f3s titella &#8211; llop, ens ha explicat que lli encanten els contes, hist\u00f2ries, jocs&#8230; en qu\u00e8 el protagonista \u00e9s el llop !<\/p>\n<p>En segon lloc, ens ha portat una pinta de beb\u00e8, en record del seu abundant cabell negre i rinxolat al<span style=\"font-family: inherit;font-size: 1em\"> n\u00e9ixer.<\/span><\/p>\n<p>Tamb\u00e9 hi havia una medalla i un dorsal de la seva primera cursa, que encara no tenia 2 anys.<\/p>\n<p>Ha estat una estona de rialles compartides, divertida i espont\u00e0nia com \u00e9s la nostra Ana\u00efs.<\/p>\n<p>Hem acabat la sessi\u00f3 ballant el Lle\u00f3 vergony\u00f3s del Pot petit i amb una pluja de petons.<\/p>\n<p>Des d\u00b4aqu\u00ed volem donar les gr\u00e0cies a la fam\u00edlia per compartir el seu temps.<\/p>\n<p>Si cliqueu a la imatge veureu un petit recull fotogr\u00e0fic.<\/p>\n<p><a href=\"https:\/\/photos.app.goo.gl\/csFxdv2JbfhGsakN7\"><img loading=\"lazy\" decoding=\"async\" class=\"alignnone size-large wp-image-5586\" src=\"https:\/\/agora.xtec.cat\/esc-teresabergada\/wp-content\/uploads\/usu1533\/2020\/01\/La-capsa-de-la-vida-de-la-Dana-1-1024x1024.jpg\" alt=\"\" width=\"1024\" height=\"1024\" \/><\/a><\/p>\n","protected":false},"excerpt":{"rendered":"<p>Avui l\u00b4Ana\u00efs, ajudada per l\u00b4Espe, la seva mare, ha compartit els seus tresors.<br \/>\nEn primer lloc, un preci\u00f3s titella &#8211; llop, ens ha explicat que lli encanten els contes, hist\u00f2ries, jocs&#8230; en qu\u00e8 el protagonista \u00e9s el llop !<br \/>\nEn segon lloc, ens ha portat una pinta&hellip;  <a href=\"https:\/\/agora.xtec.cat\/esc-teresabergada\/infantil\/la-capsa-de-la-vida-de-lanais\/\" title=\"Read La capsa de la vida de l\u00b4Ana\u00efs\">Llegeix m\u00e9s\u00bb<\/a><\/p>\n","protected":false},"author":1,"featured_media":0,"comment_status":"open","ping_status":"closed","sticky":false,"template":"","format":"standard","meta":{"_bbp_topic_count":0,"_bbp_reply_count":0,"_bbp_total_topic_count":0,"_bbp_total_reply_count":0,"_bbp_voice_count":0,"_bbp_anonymous_reply_count":0,"_bbp_topic_count_hidden":0,"_bbp_reply_count_hidden":0,"_bbp_forum_subforum_count":0,"footnotes":""},"categories":[236,2],"tags":[121],"class_list":["post-5585","post","type-post","status-publish","format-standard","hentry","category-i4","category-infantil","tag-educacio-infantil"],"post_mailing_queue_ids":[],"_links":{"self":[{"href":"https:\/\/agora.xtec.cat\/esc-teresabergada\/wp-json\/wp\/v2\/posts\/5585","targetHints":{"allow":["GET"]}}],"collection":[{"href":"https:\/\/agora.xtec.cat\/esc-teresabergada\/wp-json\/wp\/v2\/posts"}],"about":[{"href":"https:\/\/agora.xtec.cat\/esc-teresabergada\/wp-json\/wp\/v2\/types\/post"}],"author":[{"embeddable":true,"href":"https:\/\/agora.xtec.cat\/esc-teresabergada\/wp-json\/wp\/v2\/users\/1"}],"replies":[{"embeddable":true,"href":"https:\/\/agora.xtec.cat\/esc-teresabergada\/wp-json\/wp\/v2\/comments?post=5585"}],"version-history":[{"count":2,"href":"https:\/\/agora.xtec.cat\/esc-teresabergada\/wp-json\/wp\/v2\/posts\/5585\/revisions"}],"predecessor-version":[{"id":5588,"href":"https:\/\/agora.xtec.cat\/esc-teresabergada\/wp-json\/wp\/v2\/posts\/5585\/revisions\/5588"}],"wp:attachment":[{"href":"https:\/\/agora.xtec.cat\/esc-teresabergada\/wp-json\/wp\/v2\/media?parent=5585"}],"wp:term":[{"taxonomy":"category","embeddable":true,"href":"https:\/\/agora.xtec.cat\/esc-teresabergada\/wp-json\/wp\/v2\/categories?post=5585"},{"taxonomy":"post_tag","embeddable":true,"href":"https:\/\/agora.xtec.cat\/esc-teresabergada\/wp-json\/wp\/v2\/tags?post=5585"}],"curies":[{"name":"wp","href":"https:\/\/api.w.org\/{rel}","templated":true}]}}