{"id":5581,"date":"2020-01-11T12:14:32","date_gmt":"2020-01-11T11:14:32","guid":{"rendered":"http:\/\/agora.xtec.cat\/esc-teresabergada\/?p=5581"},"modified":"2020-09-07T18:03:17","modified_gmt":"2020-09-07T16:03:17","slug":"aficions-compartides-anar-de-camping","status":"publish","type":"post","link":"https:\/\/agora.xtec.cat\/esc-teresabergada\/blocs-de-primaria\/1r\/aficions-compartides-anar-de-camping\/","title":{"rendered":"AFICIONS COMPARTIDES: ANAR DE C\u00c0MPING."},"content":{"rendered":"<p>El Jordi i l\u2019\u00c0neu ens han compartit la seva afici\u00f3 familiar: Anar de c\u00e0mping.<\/p>\n<p>Hem pogut veure diferents llocs que han visitat amb fam\u00edlia i amics. Tamb\u00e9 els serveis que hi ha i els esports que es poden practicar. Tot al aire lliure i molt saludable. Hem fet un joc que ha consistit en localitzar en un pl\u00e0nol del c\u00e0mping els s\u00edmbols de diferents activitats i serveis com el camp de futbol, el camp de b\u00e0squet, camp de voleibol ,camp de petanca, taula de ping-pong, la piscina, etc. I tamb\u00e9 serveis com la infermeria, els lavabos, restaurant.<\/p>\n<p>Ens hem adonat que anar de c\u00e0mping \u00e9s molt saludable, ja que podem practicar molts esports al aire lliure.<\/p>\n<p>Finalment hem pogut ballar una can\u00e7\u00f3 tots junts. Tot plegat ens ha agradat molt i ens ho hem passat molt b\u00e9.<\/p>\n<p>Fes clic a la foto.<\/p>\n<figure class=\"figure wp-caption alignnone\"><a href=\"https:\/\/photos.app.goo.gl\/aXmGbECgb7XBZbMXA\"><img loading=\"lazy\" decoding=\"async\" class=\" wp-image-5583\" src=\"https:\/\/agora.xtec.cat\/esc-teresabergada\/wp-content\/uploads\/usu1533\/2020\/01\/IMG_20200109_104055-1024x768.jpg\" alt=\"\" width=\"1024\" height=\"768\" \/><\/a><figcaption class=\"wp-caption-text\">cof<\/figcaption><\/figure>\n<p>&nbsp;<\/p>\n","protected":false},"excerpt":{"rendered":"<p>AFICIONS COMPARTIDES: ANAR DE C\u00c0MPING.&hellip;  <a href=\"https:\/\/agora.xtec.cat\/esc-teresabergada\/blocs-de-primaria\/1r\/aficions-compartides-anar-de-camping\/\" title=\"Read AFICIONS COMPARTIDES: ANAR DE C\u00c0MPING.\">Llegeix m\u00e9s\u00bb<\/a><\/p>\n","protected":false},"author":1,"featured_media":0,"comment_status":"open","ping_status":"closed","sticky":false,"template":"","format":"standard","meta":{"_bbp_topic_count":0,"_bbp_reply_count":0,"_bbp_total_topic_count":0,"_bbp_total_reply_count":0,"_bbp_voice_count":0,"_bbp_anonymous_reply_count":0,"_bbp_topic_count_hidden":0,"_bbp_reply_count_hidden":0,"_bbp_forum_subforum_count":0,"footnotes":""},"categories":[348],"tags":[446,448],"class_list":["post-5581","post","type-post","status-publish","format-standard","hentry","category-1r","tag-aficions","tag-aficions-compartides"],"post_mailing_queue_ids":[],"_links":{"self":[{"href":"https:\/\/agora.xtec.cat\/esc-teresabergada\/wp-json\/wp\/v2\/posts\/5581","targetHints":{"allow":["GET"]}}],"collection":[{"href":"https:\/\/agora.xtec.cat\/esc-teresabergada\/wp-json\/wp\/v2\/posts"}],"about":[{"href":"https:\/\/agora.xtec.cat\/esc-teresabergada\/wp-json\/wp\/v2\/types\/post"}],"author":[{"embeddable":true,"href":"https:\/\/agora.xtec.cat\/esc-teresabergada\/wp-json\/wp\/v2\/users\/1"}],"replies":[{"embeddable":true,"href":"https:\/\/agora.xtec.cat\/esc-teresabergada\/wp-json\/wp\/v2\/comments?post=5581"}],"version-history":[{"count":1,"href":"https:\/\/agora.xtec.cat\/esc-teresabergada\/wp-json\/wp\/v2\/posts\/5581\/revisions"}],"predecessor-version":[{"id":5584,"href":"https:\/\/agora.xtec.cat\/esc-teresabergada\/wp-json\/wp\/v2\/posts\/5581\/revisions\/5584"}],"wp:attachment":[{"href":"https:\/\/agora.xtec.cat\/esc-teresabergada\/wp-json\/wp\/v2\/media?parent=5581"}],"wp:term":[{"taxonomy":"category","embeddable":true,"href":"https:\/\/agora.xtec.cat\/esc-teresabergada\/wp-json\/wp\/v2\/categories?post=5581"},{"taxonomy":"post_tag","embeddable":true,"href":"https:\/\/agora.xtec.cat\/esc-teresabergada\/wp-json\/wp\/v2\/tags?post=5581"}],"curies":[{"name":"wp","href":"https:\/\/api.w.org\/{rel}","templated":true}]}}