{"id":5574,"date":"2020-01-10T01:03:52","date_gmt":"2020-01-10T00:03:52","guid":{"rendered":"http:\/\/agora.xtec.cat\/esc-teresabergada\/?p=5574"},"modified":"2020-01-10T01:03:52","modified_gmt":"2020-01-10T00:03:52","slug":"la-capsa-de-la-vida-de-la-dana","status":"publish","type":"post","link":"https:\/\/agora.xtec.cat\/esc-teresabergada\/infantil\/la-capsa-de-la-vida-de-la-dana\/","title":{"rendered":"La capsa de la vida de la Dana"},"content":{"rendered":"<p>Avui ha estat el torn de la Dana que, conjuntament amb els seus pares, l\u00b4Olga i el Ra\u00fcl, ha compartit els tresors de la seva capsa de la vida.<\/p>\n<p>En primer lloc, ens ha ensenyat una samarreta molt petitona amb una connotaci\u00f3 emocional molt especial. Ja que aquest &#8220;body&#8221; li van regalar els seus pares quan van comunicar-li que seria la germana gran. El cicle de la vida&#8230;<\/p>\n<p>En segon lloc, ens ha explicat que t\u00e9 un mocador de la mare que l\u00b4ajuda a relaxar-se i li recorda a la seva mare quan no hi \u00e9s. Aprofundirem en aquesta idea, perqu\u00e8 ens calma l\u00b4olor de la mare, objectes que ens ajuden a estar tranquils i ens ajuden a tenir benestar emocional.<\/p>\n<p>Tamb\u00e9 ha portat un conte, la hist\u00f2ria de L\u00b4\u00d3s Bru a l\u00b4escola . Com que ens agrada aprofitar totes les ocasions per a aprendre, ens quedem amb la moralina: les\u00a0 abra\u00e7ades ens ajuden a fer-nos sentir b\u00e9 i, com l\u00b4\u00f3s feia, hem pensat que nosaltres tamb\u00e9 pod\u00edem provar de fer l\u00b4encarregat de les abra\u00e7ades, que anir\u00e0 canviant cada dia.<\/p>\n<p>Hem acabat la jornada, ballant una can\u00e7o que li agrada molt a la Dana la de la SIreneta: &#8220;Bajo el Mar&#8221;!<\/p>\n<p>Mil gr\u00e0cies fam\u00edlia per compartir aquestes boniques estones.<\/p>\n<p>Si cliqueu a la imatge veureu un petit recull fotogr\u00e0fic.<\/p>\n<p><a href=\"https:\/\/photos.app.goo.gl\/E6nwP2RPiFXLAQwd6\"><img loading=\"lazy\" decoding=\"async\" class=\"alignnone size-large wp-image-5575\" src=\"https:\/\/agora.xtec.cat\/esc-teresabergada\/wp-content\/uploads\/usu1533\/2020\/01\/La-capsa-de-la-vida-de-la-Dana-1024x1024.jpg\" alt=\"\" width=\"1024\" height=\"1024\" \/><\/a><\/p>\n","protected":false},"excerpt":{"rendered":"<p>Avui ha estat el torn de la Dana que, conjuntament amb els seus pares, l\u00b4Olga i el Ra\u00fcl, ha compartit els tresors de la seva capsa de la vida.<br \/>\nEn primer lloc, ens ha ensenyat una samarreta molt petitona amb una connotaci\u00f3 emocional molt especial. Ja&hellip;  <a href=\"https:\/\/agora.xtec.cat\/esc-teresabergada\/infantil\/la-capsa-de-la-vida-de-la-dana\/\" title=\"Read La capsa de la vida de la Dana\">Llegeix m\u00e9s\u00bb<\/a><\/p>\n","protected":false},"author":1,"featured_media":0,"comment_status":"open","ping_status":"closed","sticky":false,"template":"","format":"standard","meta":{"_bbp_topic_count":0,"_bbp_reply_count":0,"_bbp_total_topic_count":0,"_bbp_total_reply_count":0,"_bbp_voice_count":0,"_bbp_anonymous_reply_count":0,"_bbp_topic_count_hidden":0,"_bbp_reply_count_hidden":0,"_bbp_forum_subforum_count":0,"footnotes":""},"categories":[236,2],"tags":[121],"class_list":["post-5574","post","type-post","status-publish","format-standard","hentry","category-i4","category-infantil","tag-educacio-infantil"],"post_mailing_queue_ids":[],"_links":{"self":[{"href":"https:\/\/agora.xtec.cat\/esc-teresabergada\/wp-json\/wp\/v2\/posts\/5574","targetHints":{"allow":["GET"]}}],"collection":[{"href":"https:\/\/agora.xtec.cat\/esc-teresabergada\/wp-json\/wp\/v2\/posts"}],"about":[{"href":"https:\/\/agora.xtec.cat\/esc-teresabergada\/wp-json\/wp\/v2\/types\/post"}],"author":[{"embeddable":true,"href":"https:\/\/agora.xtec.cat\/esc-teresabergada\/wp-json\/wp\/v2\/users\/1"}],"replies":[{"embeddable":true,"href":"https:\/\/agora.xtec.cat\/esc-teresabergada\/wp-json\/wp\/v2\/comments?post=5574"}],"version-history":[{"count":1,"href":"https:\/\/agora.xtec.cat\/esc-teresabergada\/wp-json\/wp\/v2\/posts\/5574\/revisions"}],"predecessor-version":[{"id":5576,"href":"https:\/\/agora.xtec.cat\/esc-teresabergada\/wp-json\/wp\/v2\/posts\/5574\/revisions\/5576"}],"wp:attachment":[{"href":"https:\/\/agora.xtec.cat\/esc-teresabergada\/wp-json\/wp\/v2\/media?parent=5574"}],"wp:term":[{"taxonomy":"category","embeddable":true,"href":"https:\/\/agora.xtec.cat\/esc-teresabergada\/wp-json\/wp\/v2\/categories?post=5574"},{"taxonomy":"post_tag","embeddable":true,"href":"https:\/\/agora.xtec.cat\/esc-teresabergada\/wp-json\/wp\/v2\/tags?post=5574"}],"curies":[{"name":"wp","href":"https:\/\/api.w.org\/{rel}","templated":true}]}}