{"id":5567,"date":"2020-01-09T23:42:05","date_gmt":"2020-01-09T22:42:05","guid":{"rendered":"http:\/\/agora.xtec.cat\/esc-teresabergada\/?p=5567"},"modified":"2020-01-09T23:42:05","modified_gmt":"2020-01-09T22:42:05","slug":"la-capsa-de-la-vida-de-lalba","status":"publish","type":"post","link":"https:\/\/agora.xtec.cat\/esc-teresabergada\/infantil\/la-capsa-de-la-vida-de-lalba\/","title":{"rendered":"La capsa de la vida de l\u00b4Alba"},"content":{"rendered":"<p>Encetem el segon trimestre amb la presentaci\u00f3 de la capsa de la vida de l\u00b4Alba. Conjuntament amb els seus pares, la N\u00faria i el Joan, i amb el seu germ\u00e0 Roger, ha compartit el seus tresors.<\/p>\n<p>En primer lloc, una faldilla de tut\u00fa, perqu\u00e8 ens ha explicat que li encanta ballar. En segon lloc, un pal de pluja, que quan era petitona l\u00b4ajudava a relaxar-se amb el seu so suau. Tamb\u00e9 ha portat una diadema, perqu\u00e8 li encanta el m\u00f3n de les princeses.<\/p>\n<p>Ja per cloure, el Roger ens ha explicat un conte preci\u00f3s: &#8220;De quin color s\u00f3n els petons?&#8221;. Des d\u00b4aqu\u00ed volem felicitar al Roger per la seva lectura expressiva i per saber-se adaptar a l\u00b4auditori que l\u00b4escolt\u00e0vem.<\/p>\n<p>Moltes gr\u00e0cies fam\u00edlia, per compartir aquestes estones tan entranyables!<\/p>\n<p>&nbsp;<\/p>\n<p><a href=\"https:\/\/photos.app.goo.gl\/r5dveSfvW4CKWKTj6\"><img loading=\"lazy\" decoding=\"async\" class=\"alignnone size-large wp-image-5568\" src=\"https:\/\/agora.xtec.cat\/esc-teresabergada\/wp-content\/uploads\/usu1533\/2020\/01\/Simple-Confetti-Family-Photo-Christmas-Card-1024x727.jpg\" alt=\"\" width=\"1024\" height=\"727\" \/><\/a><\/p>\n","protected":false},"excerpt":{"rendered":"<p>Encetem el segon trimestre amb la presentaci\u00f3 de la capsa de la vida de l\u00b4Alba. Conjuntament amb els seus pares, la N\u00faria i el Joan, i amb el seu germ\u00e0 Roger, ha compartit el seus tresors.<br \/>\nEn primer lloc, una faldilla de tut\u00fa, perqu\u00e8 ens ha&hellip;  <a href=\"https:\/\/agora.xtec.cat\/esc-teresabergada\/infantil\/la-capsa-de-la-vida-de-lalba\/\" title=\"Read La capsa de la vida de l\u00b4Alba\">Llegeix m\u00e9s\u00bb<\/a><\/p>\n","protected":false},"author":1,"featured_media":0,"comment_status":"open","ping_status":"closed","sticky":false,"template":"","format":"standard","meta":{"_bbp_topic_count":0,"_bbp_reply_count":0,"_bbp_total_topic_count":0,"_bbp_total_reply_count":0,"_bbp_voice_count":0,"_bbp_anonymous_reply_count":0,"_bbp_topic_count_hidden":0,"_bbp_reply_count_hidden":0,"_bbp_forum_subforum_count":0,"footnotes":""},"categories":[236,2],"tags":[121],"class_list":["post-5567","post","type-post","status-publish","format-standard","hentry","category-i4","category-infantil","tag-educacio-infantil"],"post_mailing_queue_ids":[],"_links":{"self":[{"href":"https:\/\/agora.xtec.cat\/esc-teresabergada\/wp-json\/wp\/v2\/posts\/5567","targetHints":{"allow":["GET"]}}],"collection":[{"href":"https:\/\/agora.xtec.cat\/esc-teresabergada\/wp-json\/wp\/v2\/posts"}],"about":[{"href":"https:\/\/agora.xtec.cat\/esc-teresabergada\/wp-json\/wp\/v2\/types\/post"}],"author":[{"embeddable":true,"href":"https:\/\/agora.xtec.cat\/esc-teresabergada\/wp-json\/wp\/v2\/users\/1"}],"replies":[{"embeddable":true,"href":"https:\/\/agora.xtec.cat\/esc-teresabergada\/wp-json\/wp\/v2\/comments?post=5567"}],"version-history":[{"count":1,"href":"https:\/\/agora.xtec.cat\/esc-teresabergada\/wp-json\/wp\/v2\/posts\/5567\/revisions"}],"predecessor-version":[{"id":5569,"href":"https:\/\/agora.xtec.cat\/esc-teresabergada\/wp-json\/wp\/v2\/posts\/5567\/revisions\/5569"}],"wp:attachment":[{"href":"https:\/\/agora.xtec.cat\/esc-teresabergada\/wp-json\/wp\/v2\/media?parent=5567"}],"wp:term":[{"taxonomy":"category","embeddable":true,"href":"https:\/\/agora.xtec.cat\/esc-teresabergada\/wp-json\/wp\/v2\/categories?post=5567"},{"taxonomy":"post_tag","embeddable":true,"href":"https:\/\/agora.xtec.cat\/esc-teresabergada\/wp-json\/wp\/v2\/tags?post=5567"}],"curies":[{"name":"wp","href":"https:\/\/api.w.org\/{rel}","templated":true}]}}