{"id":5549,"date":"2019-12-30T17:37:29","date_gmt":"2019-12-30T16:37:29","guid":{"rendered":"http:\/\/agora.xtec.cat\/esc-teresabergada\/?p=5549"},"modified":"2019-12-30T17:37:43","modified_gmt":"2019-12-30T16:37:43","slug":"ens-estrenem-amb-lamic-invisible","status":"publish","type":"post","link":"https:\/\/agora.xtec.cat\/esc-teresabergada\/blocs-de-primaria\/6e\/ens-estrenem-amb-lamic-invisible\/","title":{"rendered":"Acabem el trimestre amb l&#8217;amic invisible"},"content":{"rendered":"<p style=\"text-align: justify;\">L&#8217;\u00faltima sessi\u00f3 de la tarda del darrer dijous d&#8217;aquest trimestre la vam dedicar a <strong>l&#8217;AMIC INVISIBLE<\/strong>. S\u00ed, s\u00ed!! Ho heu llegit b\u00e9! Els alumnes de 5\u00e8 s&#8217;estrenaven en aquesta din\u00e0mica de grup. L&#8217;aula es va omplir d&#8217;<strong><span style=\"color: #ff0000;\">abra\u00e7ades<\/span>, <span style=\"color: #ff00ff;\">rialles<\/span>, <span style=\"color: #ff6600;\">dol\u00e7or<\/span>, <span style=\"color: #ff99cc;\">il\u00b7lusi\u00f3<\/span><\/strong> i sobretot&#8230; <strong>COMPANYERISME<\/strong>.<\/p>\n<p>Totes i tots ens vam adonar que el millor de fer un regal no \u00e9s el QU\u00c8 sin\u00f3 que aquella persona qui et fa un present pensa en tu i la teva felicitat.<\/p>\n<h4 style=\"text-align: center;\"><a href=\"https:\/\/photos.app.goo.gl\/kwuDTVJ27vFkpdem9\" target=\"_blank\" rel=\"noopener noreferrer\"><span style=\"color: #ff99cc;\">VIURE \u00c9S COMPARTIR I COMPARTIR \u00c9S ESTIMAR.<\/span><\/a><\/h4>\n<p style=\"text-align: center;\"><em>(feu clic a la frase per veure el recull fotogr\u00e0fic)<\/em><\/p>\n<p>&nbsp;<\/p>\n","protected":false},"excerpt":{"rendered":"<p>L&#8217;\u00faltima sessi\u00f3 de la tarda del darrer dijous d&#8217;aquest trimestre la vam dedicar a l&#8217;AMIC INVISIBLE. S\u00ed, s\u00ed!! Ho heu llegit b\u00e9! Els alumnes de 5\u00e8 s&#8217;estrenaven en aquesta din\u00e0mica de grup. L&#8217;aula es va omplir d&#8217;abra\u00e7ades, rialles, dol\u00e7or, il\u00b7lusi\u00f3 i sobretot&#8230; COMPANYERISME.<br \/>\nTotes i tots&hellip;  <a href=\"https:\/\/agora.xtec.cat\/esc-teresabergada\/blocs-de-primaria\/6e\/ens-estrenem-amb-lamic-invisible\/\" title=\"Read Acabem el trimestre amb l&#8217;amic invisible\">Llegeix m\u00e9s\u00bb<\/a><\/p>\n","protected":false},"author":1,"featured_media":5550,"comment_status":"open","ping_status":"closed","sticky":false,"template":"","format":"standard","meta":{"_bbp_topic_count":0,"_bbp_reply_count":0,"_bbp_total_topic_count":0,"_bbp_total_reply_count":0,"_bbp_voice_count":0,"_bbp_anonymous_reply_count":0,"_bbp_topic_count_hidden":0,"_bbp_reply_count_hidden":0,"_bbp_forum_subforum_count":0,"footnotes":""},"categories":[240],"tags":[453,117,435],"class_list":["post-5549","post","type-post","status-publish","format-standard","has-post-thumbnail","hentry","category-6e","tag-amic-invisible","tag-cicle-superior","tag-dinamiques-daula"],"post_mailing_queue_ids":[],"_links":{"self":[{"href":"https:\/\/agora.xtec.cat\/esc-teresabergada\/wp-json\/wp\/v2\/posts\/5549","targetHints":{"allow":["GET"]}}],"collection":[{"href":"https:\/\/agora.xtec.cat\/esc-teresabergada\/wp-json\/wp\/v2\/posts"}],"about":[{"href":"https:\/\/agora.xtec.cat\/esc-teresabergada\/wp-json\/wp\/v2\/types\/post"}],"author":[{"embeddable":true,"href":"https:\/\/agora.xtec.cat\/esc-teresabergada\/wp-json\/wp\/v2\/users\/1"}],"replies":[{"embeddable":true,"href":"https:\/\/agora.xtec.cat\/esc-teresabergada\/wp-json\/wp\/v2\/comments?post=5549"}],"version-history":[{"count":2,"href":"https:\/\/agora.xtec.cat\/esc-teresabergada\/wp-json\/wp\/v2\/posts\/5549\/revisions"}],"predecessor-version":[{"id":5552,"href":"https:\/\/agora.xtec.cat\/esc-teresabergada\/wp-json\/wp\/v2\/posts\/5549\/revisions\/5552"}],"wp:featuredmedia":[{"embeddable":true,"href":"https:\/\/agora.xtec.cat\/esc-teresabergada\/wp-json\/wp\/v2\/media\/5550"}],"wp:attachment":[{"href":"https:\/\/agora.xtec.cat\/esc-teresabergada\/wp-json\/wp\/v2\/media?parent=5549"}],"wp:term":[{"taxonomy":"category","embeddable":true,"href":"https:\/\/agora.xtec.cat\/esc-teresabergada\/wp-json\/wp\/v2\/categories?post=5549"},{"taxonomy":"post_tag","embeddable":true,"href":"https:\/\/agora.xtec.cat\/esc-teresabergada\/wp-json\/wp\/v2\/tags?post=5549"}],"curies":[{"name":"wp","href":"https:\/\/api.w.org\/{rel}","templated":true}]}}